{"id":97084,"date":"2023-12-20T18:40:10","date_gmt":"2023-12-20T17:40:10","guid":{"rendered":"https:\/\/podcast.rs\/?p=97084"},"modified":"2023-12-20T20:20:31","modified_gmt":"2023-12-20T18:20:31","slug":"putovanje-ka-minimalizmu","status":"publish","type":"post","link":"https:\/\/podcast.rs\/en\/putovanje-ka-minimalizmu\/","title":{"rendered":"Putovanje ka minimalizmu"},"content":{"rendered":"<p>      Koje stvari bi ve\u0107ina ljudi br\u017ee-bolje spasila iz ku\u0107e koja gori? \u0160to bi ponijeli sa sobom kada bi se mo\u017eda odlu\u010dili iz Hrvatske preseliti u Njema\u010dku? Morena O\u0161tari\u0107 Ravelico, iz Berlina, u razgovoru s Majom Mari\u0107 dijeli svoje iskustvo. Kakvi su njeni osobni motivi za minimalisti\u010dki na\u010din \u017eivljenja? Aida Ko\u017ear obja\u0161njava i tuma\u010di pozadinu globalnog minimalisti\u010dkog pokreta. Derek Sivers, jedan od svjetski najpoznatijih minimalista, tako\u0111er ne\u0161to poru\u010duje &#8211; ekskluzivno za na\u0161 podcast.<\/p>","protected":false},"excerpt":{"rendered":"<p>Koje stvari bi ve\u0107ina ljudi br\u017ee-bolje spasila iz ku\u0107e koja gori? \u0160to bi ponijeli sa sobom kada bi se mo\u017eda odlu\u010dili iz Hrvatske preseliti u Njema\u010dku? Morena O\u0161tari\u0107 Ravelico, iz Berlina, u razgovoru s Majom Mari\u0107 dijeli svoje iskustvo. Kakvi su njeni osobni motivi za minimalisti\u010dki na\u010din \u017eivljenja? Aida Ko\u017ear obja\u0161njava i tuma\u010di pozadinu globalnog&#8230;<\/p>","protected":false},"author":3,"featured_media":48737,"comment_status":"close","ping_status":"closed","sticky":false,"template":"","format":"audio","meta":{"footnotes":""},"categories":[183],"tags":[],"class_list":["post-97084","post","type-post","status-publish","format-audio","has-post-thumbnail","hentry","category-cosmo","post_format-post-format-audio"],"_links":{"self":[{"href":"https:\/\/podcast.rs\/en\/wp-json\/wp\/v2\/posts\/97084","targetHints":{"allow":["GET"]}}],"collection":[{"href":"https:\/\/podcast.rs\/en\/wp-json\/wp\/v2\/posts"}],"about":[{"href":"https:\/\/podcast.rs\/en\/wp-json\/wp\/v2\/types\/post"}],"author":[{"embeddable":true,"href":"https:\/\/podcast.rs\/en\/wp-json\/wp\/v2\/users\/3"}],"replies":[{"embeddable":true,"href":"https:\/\/podcast.rs\/en\/wp-json\/wp\/v2\/comments?post=97084"}],"version-history":[{"count":1,"href":"https:\/\/podcast.rs\/en\/wp-json\/wp\/v2\/posts\/97084\/revisions"}],"predecessor-version":[{"id":97085,"href":"https:\/\/podcast.rs\/en\/wp-json\/wp\/v2\/posts\/97084\/revisions\/97085"}],"wp:featuredmedia":[{"embeddable":true,"href":"https:\/\/podcast.rs\/en\/wp-json\/wp\/v2\/media\/48737"}],"wp:attachment":[{"href":"https:\/\/podcast.rs\/en\/wp-json\/wp\/v2\/media?parent=97084"}],"wp:term":[{"taxonomy":"category","embeddable":true,"href":"https:\/\/podcast.rs\/en\/wp-json\/wp\/v2\/categories?post=97084"},{"taxonomy":"post_tag","embeddable":true,"href":"https:\/\/podcast.rs\/en\/wp-json\/wp\/v2\/tags?post=97084"}],"curies":[{"name":"wp","href":"https:\/\/api.w.org\/{rel}","templated":true}]}}