{"id":966797,"date":"2026-09-03T08:23:21","date_gmt":"2026-09-03T06:23:21","guid":{"rendered":"https:\/\/podcast.rs\/milica-vuckovic-i-bukmarker-podkast-ep-35-i-sami-medju-ljudima\/"},"modified":"2026-09-03T08:23:21","modified_gmt":"2026-09-03T06:23:21","slug":"milica-vuckovic-i-bukmarker-podkast-ep-35-i-sami-medju-ljudima","status":"publish","type":"post","link":"https:\/\/podcast.rs\/en\/milica-vuckovic-i-bukmarker-podkast-ep-35-i-sami-medju-ljudima\/","title":{"rendered":"Milica Vu\u010dkovi\u0107 I Bukmarker podkast ep. 35 I Sami me\u0111u ljudima"},"content":{"rendered":"<p>Milica Vu\u010dkovi\u0107 I Bukmarker podkast ep. 35 I Sami me\u0111u ljudima<\/p>\n<\/p>\n<p>Dobro do\u0161li u drugu sezonu podkasta \u201eBukmarker\u201c! Knjige i pisci su ponovo u krupnom kadru! Kamere upaljene, a autori spremni da vam otkriju tajne iz svoje radionice!<\/p>\n<\/p>\n<p>Drugu sezonu otvara Milica Vu\u010dkovi\u0107, autorka bestselera \u201eSmrtni ishod atletskih povreda\u201c koja je ovom prilikom govorila o novom romanu \u2013 \u201eRoditelji ku\u0107nih ljubimaca\u201c.<\/p>\n<\/p>\n<p>Milica Vu\u010dkovi\u0107 pi\u0161e o savremenoj usamljenosti precizno, ne\u017eno i duhovito. Sa izo\u0161trenim ose\u0107ajem za apsurd svakodnevice, autorka prepoznaje ono neprijatno, a suvi\u0161e blisko: roditelje koji decu \u201evole najvi\u0161e na svetu\u201c, ali ih nikada ne \u010duju, odrasle ljude zarobljene u floskulama o produktivnosti i uspehu, partnere koji umesto ose\u0107anja dele rutine i hobije, i decu koja prerano nau\u010de da ne tra\u017ee \u2013 i ne o\u010dekuju ni\u0161ta.<\/p>\n<\/p>\n<p>U ovom razgovoru Milica govori o Beniju koji ne voli mnogo da se dru\u017ei sa ljudima, ple\u0161e ili prati sport, ali Beni voli da brine o ribicama i biljkama, a ponajvi\u0161e da pu\u0161i i vozi svoj reno.<\/p>\n<\/p>\n<p>Zato vas pozivamo da sednete na suvoza\u010devo mesto i pustite da vas Beni i Milica Vu\u010dkovi\u0107 voze kroz ovu pri\u010du o usamljenosti, ali i ljubavi i brizi za kojima svi \u010deznemo.<\/p>\n<\/p>\n<p>Dobro do\u0161li u novu sezonu podkasta Bukmarker! \u010citajte, gledajte i ne zaboravite!<\/p>\n<\/p>\n<p>Knjiga: <a target=\"_blank\" rel=\"noopener noreferrer nofollow\" href=\"https:\/\/laguna.rs\/proizvodi\/knjige\/roditelji-kucnih-ljubimaca\/\">https:\/\/laguna.rs\/proizvodi\/knjige\/roditelji-kucnih-ljubimaca\/<\/a><\/p>","protected":false},"excerpt":{"rendered":"<p>Milica Vu\u010dkovi\u0107 I Bukmarker podkast ep. 35 I Sami me\u0111u ljudima Dobro do\u0161li u drugu sezonu podkasta \u201eBukmarker\u201c! Knjige i pisci su ponovo u krupnom kadru! Kamere upaljene, a autori spremni da vam otkriju tajne iz svoje radionice! Drugu sezonu otvara Milica Vu\u010dkovi\u0107, autorka bestselera \u201eSmrtni ishod atletskih povreda\u201c koja je ovom prilikom govorila o&#8230;<\/p>","protected":false},"author":3,"featured_media":683419,"comment_status":"","ping_status":"closed","sticky":false,"template":"","format":"standard","meta":{"page_builder":"","footnotes":""},"categories":[699],"tags":[],"class_list":["post-966797","post","type-post","status-publish","format-standard","has-post-thumbnail","hentry","category-bukmarker-podkast"],"_links":{"self":[{"href":"https:\/\/podcast.rs\/en\/wp-json\/wp\/v2\/posts\/966797","targetHints":{"allow":["GET"]}}],"collection":[{"href":"https:\/\/podcast.rs\/en\/wp-json\/wp\/v2\/posts"}],"about":[{"href":"https:\/\/podcast.rs\/en\/wp-json\/wp\/v2\/types\/post"}],"author":[{"embeddable":true,"href":"https:\/\/podcast.rs\/en\/wp-json\/wp\/v2\/users\/3"}],"replies":[{"embeddable":true,"href":"https:\/\/podcast.rs\/en\/wp-json\/wp\/v2\/comments?post=966797"}],"version-history":[{"count":0,"href":"https:\/\/podcast.rs\/en\/wp-json\/wp\/v2\/posts\/966797\/revisions"}],"wp:featuredmedia":[{"embeddable":true,"href":"https:\/\/podcast.rs\/en\/wp-json\/wp\/v2\/media\/683419"}],"wp:attachment":[{"href":"https:\/\/podcast.rs\/en\/wp-json\/wp\/v2\/media?parent=966797"}],"wp:term":[{"taxonomy":"category","embeddable":true,"href":"https:\/\/podcast.rs\/en\/wp-json\/wp\/v2\/categories?post=966797"},{"taxonomy":"post_tag","embeddable":true,"href":"https:\/\/podcast.rs\/en\/wp-json\/wp\/v2\/tags?post=966797"}],"curies":[{"name":"wp","href":"https:\/\/api.w.org\/{rel}","templated":true}]}}