{"id":96258,"date":"2023-10-26T09:24:00","date_gmt":"2023-10-26T07:24:00","guid":{"rendered":"https:\/\/podcast.rs\/?p=96258"},"modified":"2023-12-11T12:16:53","modified_gmt":"2023-12-11T10:16:53","slug":"zasto-mladi-odlaze-iz-srbije","status":"publish","type":"post","link":"https:\/\/podcast.rs\/en\/zasto-mladi-odlaze-iz-srbije\/","title":{"rendered":"Za\u0161to mladi odlaze iz Srbije?"},"content":{"rendered":"<p>\nBroj mladih koji odlaze, ali i onih koji imaju tu nameru ili bi to rado uradili kada bi im se ukazala prilika, jeste alarmantan. Sude\u0107i po Oblakoderovoj anketi, \u010dak 90% ispitanika izrazilo je \u017eelju da ode iz Srbije. <\/p>\n<p><\/p>\n<p>Ba\u0161 iz tog razloga, pitali smo mlade, ali i na\u0161e sagovornike koji se bave migracijama, ali i mladim ljudima \u2013 koji su to razlozi za\u0161to mladi napu\u0161taju ili \u017eele da napuste na\u0161u zemlju?<\/p>\n<p><\/p>\n<\/p>\n<p>Autorka teksta: Marija Todorovi\u0107<\/p>\n<p>Ilustracije: Olga \u0110elo\u0161evi\u0107<\/p>\n<p>Tekst \u010ditala: Sne\u017eana Katunac<\/p>\n<p>Tekst je dostupan na sajtu Oblakodera u rubrici Lift.<\/p>\n<p>Tekst je podr\u017ean od strane Evropske unije i nema\u010dkog Saveznog ministarstva za ekonomsku saradnju i razvoj. Stavovi izneti u podr\u017eanom medijskom projektu \u201eScroll&#8217;n&#8217;Share&#8220; Oblakoder magazina ne izra\u017eavaju stavove Evropske unije i nema\u010dkog Saveznog ministarstva za ekonomsku saradnju i razvoj.<\/p>\n<p><\/p><\/p>","protected":false},"excerpt":{"rendered":"<p>Broj mladih koji odlaze, ali i onih koji imaju tu nameru ili bi to rado uradili kada bi im se ukazala prilika, jeste alarmantan. Sude\u0107i po Oblakoderovoj anketi, \u010dak 90% ispitanika izrazilo je \u017eelju da ode iz Srbije. Ba\u0161 iz tog razloga, pitali smo mlade, ali i na\u0161e sagovornike koji se bave migracijama, ali i&#8230;<\/p>","protected":false},"author":3,"featured_media":40145,"comment_status":"close","ping_status":"closed","sticky":false,"template":"","format":"audio","meta":{"footnotes":""},"categories":[303],"tags":[],"class_list":["post-96258","post","type-post","status-publish","format-audio","has-post-thumbnail","hentry","category-salon","post_format-post-format-audio"],"_links":{"self":[{"href":"https:\/\/podcast.rs\/en\/wp-json\/wp\/v2\/posts\/96258","targetHints":{"allow":["GET"]}}],"collection":[{"href":"https:\/\/podcast.rs\/en\/wp-json\/wp\/v2\/posts"}],"about":[{"href":"https:\/\/podcast.rs\/en\/wp-json\/wp\/v2\/types\/post"}],"author":[{"embeddable":true,"href":"https:\/\/podcast.rs\/en\/wp-json\/wp\/v2\/users\/3"}],"replies":[{"embeddable":true,"href":"https:\/\/podcast.rs\/en\/wp-json\/wp\/v2\/comments?post=96258"}],"version-history":[{"count":1,"href":"https:\/\/podcast.rs\/en\/wp-json\/wp\/v2\/posts\/96258\/revisions"}],"predecessor-version":[{"id":96259,"href":"https:\/\/podcast.rs\/en\/wp-json\/wp\/v2\/posts\/96258\/revisions\/96259"}],"wp:featuredmedia":[{"embeddable":true,"href":"https:\/\/podcast.rs\/en\/wp-json\/wp\/v2\/media\/40145"}],"wp:attachment":[{"href":"https:\/\/podcast.rs\/en\/wp-json\/wp\/v2\/media?parent=96258"}],"wp:term":[{"taxonomy":"category","embeddable":true,"href":"https:\/\/podcast.rs\/en\/wp-json\/wp\/v2\/categories?post=96258"},{"taxonomy":"post_tag","embeddable":true,"href":"https:\/\/podcast.rs\/en\/wp-json\/wp\/v2\/tags?post=96258"}],"curies":[{"name":"wp","href":"https:\/\/api.w.org\/{rel}","templated":true}]}}