{"id":96256,"date":"2023-10-29T09:26:00","date_gmt":"2023-10-29T08:26:00","guid":{"rendered":"https:\/\/podcast.rs\/?p=96256"},"modified":"2023-12-11T12:16:53","modified_gmt":"2023-12-11T10:16:53","slug":"da-li-mladi-sve-manje-upisuju-fakultet","status":"publish","type":"post","link":"https:\/\/podcast.rs\/en\/da-li-mladi-sve-manje-upisuju-fakultet\/","title":{"rendered":"Da li mladi sve manje upisuju fakultet?"},"content":{"rendered":"<p>Fakultet ima dosta benefita, a glavni je svakako priprema na samostalni \u201e\u017eivot odraslih\u201d. Pored toga, fakultetsko obrazovanje omogu\u0107ava da razvijate kriti\u010dko razmi\u0161ljanje i stvarate sebi priliku za ostvarivanje svojih snova. Tako\u0111e, pru\u017ea vam priliku da istra\u017eujete svoja interesovanja bilo da se radi o umetnosti, nauci, tehnologiji, dru\u0161tvenim naukama ili ne\u010demu drugom. <\/p>\n<p><\/p>\n<p>Me\u0111utim, uprkos svim ovim prednostima, postavlja se pitanje da li je fakultet zaista preduslov za \u201ebolju budu\u0107nost\u201d?\u00a0\u00a0<\/p>\n<\/p>\n<p>Autorka teksta: Marija Mili\u0107<\/p>\n<p>Ilustracije: Olga \u0110elo\u0161evi\u0107<\/p>\n<p>Tekst \u010ditala: Sne\u017eana Katunac<\/p>\n<p>Tekst je dostupan na sajtu Oblakodera u rubrici Lift.<\/p>\n<p>Tekst je podr\u017ean od strane Evropske unije i nema\u010dkog Saveznog ministarstva za ekonomsku saradnju i razvoj. Stavovi izneti u podr\u017eanom medijskom projektu \u201eScroll&#8217;n&#8217;Share&#8220; Oblakoder magazina ne izra\u017eavaju stavove Evropske unije i nema\u010dkog Saveznog ministarstva za ekonomsku saradnju i razvoj.<\/p>\n<p><\/p><\/p>","protected":false},"excerpt":{"rendered":"<p>Fakultet ima dosta benefita, a glavni je svakako priprema na samostalni \u201e\u017eivot odraslih\u201d. Pored toga, fakultetsko obrazovanje omogu\u0107ava da razvijate kriti\u010dko razmi\u0161ljanje i stvarate sebi priliku za ostvarivanje svojih snova. Tako\u0111e, pru\u017ea vam priliku da istra\u017eujete svoja interesovanja bilo da se radi o umetnosti, nauci, tehnologiji, dru\u0161tvenim naukama ili ne\u010demu drugom. Me\u0111utim, uprkos svim ovim&#8230;<\/p>","protected":false},"author":3,"featured_media":40145,"comment_status":"close","ping_status":"closed","sticky":false,"template":"","format":"audio","meta":{"footnotes":""},"categories":[303],"tags":[],"class_list":["post-96256","post","type-post","status-publish","format-audio","has-post-thumbnail","hentry","category-salon","post_format-post-format-audio"],"_links":{"self":[{"href":"https:\/\/podcast.rs\/en\/wp-json\/wp\/v2\/posts\/96256","targetHints":{"allow":["GET"]}}],"collection":[{"href":"https:\/\/podcast.rs\/en\/wp-json\/wp\/v2\/posts"}],"about":[{"href":"https:\/\/podcast.rs\/en\/wp-json\/wp\/v2\/types\/post"}],"author":[{"embeddable":true,"href":"https:\/\/podcast.rs\/en\/wp-json\/wp\/v2\/users\/3"}],"replies":[{"embeddable":true,"href":"https:\/\/podcast.rs\/en\/wp-json\/wp\/v2\/comments?post=96256"}],"version-history":[{"count":1,"href":"https:\/\/podcast.rs\/en\/wp-json\/wp\/v2\/posts\/96256\/revisions"}],"predecessor-version":[{"id":96257,"href":"https:\/\/podcast.rs\/en\/wp-json\/wp\/v2\/posts\/96256\/revisions\/96257"}],"wp:featuredmedia":[{"embeddable":true,"href":"https:\/\/podcast.rs\/en\/wp-json\/wp\/v2\/media\/40145"}],"wp:attachment":[{"href":"https:\/\/podcast.rs\/en\/wp-json\/wp\/v2\/media?parent=96256"}],"wp:term":[{"taxonomy":"category","embeddable":true,"href":"https:\/\/podcast.rs\/en\/wp-json\/wp\/v2\/categories?post=96256"},{"taxonomy":"post_tag","embeddable":true,"href":"https:\/\/podcast.rs\/en\/wp-json\/wp\/v2\/tags?post=96256"}],"curies":[{"name":"wp","href":"https:\/\/api.w.org\/{rel}","templated":true}]}}