{"id":96254,"date":"2023-10-31T09:28:00","date_gmt":"2023-10-31T08:28:00","guid":{"rendered":"https:\/\/podcast.rs\/?p=96254"},"modified":"2023-12-11T12:16:53","modified_gmt":"2023-12-11T10:16:53","slug":"zivot-izmedju-zelja-i-mogucnosti","status":"publish","type":"post","link":"https:\/\/podcast.rs\/en\/zivot-izmedju-zelja-i-mogucnosti\/","title":{"rendered":"\u017divot izme\u0111u \u017eelja i mogu\u0107nosti"},"content":{"rendered":"<p>\nU kriznim vremenima (koja su na ovim prostorima, \u010dini se, trajna kategorija), kupovne navike mladih ograni\u010dene su na pa\u017eljiv odabir, a \u201eluksuzni proizvodi\u201d ostaju nedosti\u017eni. Stoga ne treba da \u010dudi \u010dinjenica da najve\u0107i broj mladih u Srbiji naj\u010de\u0161\u0107e biva prinu\u0111en da bude racionalan u izborima i da mora da vaga svaki tro\u0161ak. <\/p>\n<p><\/p>\n<p>Ovaj konstantni nesklad izme\u0111u \u017eelja koje mladi imaju i mogu\u0107nosti da te iste \u017eelje i ostvare, dovodi nas do pitanja \u2013 \u010dega se sve mladi u Srbiji odri\u010du zarad zadovoljavanja osnovnih \u017eivotnih potreba?<\/p>\n<\/p>\n<p>Autorka teksta: Sne\u017eana Katunac<\/p>\n<p>Ilustracije: Olga \u0110elo\u0161evi\u0107<\/p>\n<p>Tekst \u010ditala: Sne\u017eana Katunac<\/p>\n<p>Tekst je dostupan na sajtu Oblakodera u rubrici Lift.<\/p>\n<p>Tekst je podr\u017ean od strane Evropske unije i nema\u010dkog Saveznog ministarstva za ekonomsku saradnju i razvoj. Stavovi izneti u podr\u017eanom medijskom projektu \u201eScroll&#8217;n&#8217;Share&#8220; Oblakoder magazina ne izra\u017eavaju stavove Evropske unije i nema\u010dkog Saveznog ministarstva za ekonomsku saradnju i razvoj.<\/p><\/p>","protected":false},"excerpt":{"rendered":"<p>U kriznim vremenima (koja su na ovim prostorima, \u010dini se, trajna kategorija), kupovne navike mladih ograni\u010dene su na pa\u017eljiv odabir, a \u201eluksuzni proizvodi\u201d ostaju nedosti\u017eni. Stoga ne treba da \u010dudi \u010dinjenica da najve\u0107i broj mladih u Srbiji naj\u010de\u0161\u0107e biva prinu\u0111en da bude racionalan u izborima i da mora da vaga svaki tro\u0161ak. Ovaj konstantni nesklad&#8230;<\/p>","protected":false},"author":3,"featured_media":40145,"comment_status":"close","ping_status":"closed","sticky":false,"template":"","format":"audio","meta":{"footnotes":""},"categories":[303],"tags":[],"class_list":["post-96254","post","type-post","status-publish","format-audio","has-post-thumbnail","hentry","category-salon","post_format-post-format-audio"],"_links":{"self":[{"href":"https:\/\/podcast.rs\/en\/wp-json\/wp\/v2\/posts\/96254","targetHints":{"allow":["GET"]}}],"collection":[{"href":"https:\/\/podcast.rs\/en\/wp-json\/wp\/v2\/posts"}],"about":[{"href":"https:\/\/podcast.rs\/en\/wp-json\/wp\/v2\/types\/post"}],"author":[{"embeddable":true,"href":"https:\/\/podcast.rs\/en\/wp-json\/wp\/v2\/users\/3"}],"replies":[{"embeddable":true,"href":"https:\/\/podcast.rs\/en\/wp-json\/wp\/v2\/comments?post=96254"}],"version-history":[{"count":1,"href":"https:\/\/podcast.rs\/en\/wp-json\/wp\/v2\/posts\/96254\/revisions"}],"predecessor-version":[{"id":96255,"href":"https:\/\/podcast.rs\/en\/wp-json\/wp\/v2\/posts\/96254\/revisions\/96255"}],"wp:featuredmedia":[{"embeddable":true,"href":"https:\/\/podcast.rs\/en\/wp-json\/wp\/v2\/media\/40145"}],"wp:attachment":[{"href":"https:\/\/podcast.rs\/en\/wp-json\/wp\/v2\/media?parent=96254"}],"wp:term":[{"taxonomy":"category","embeddable":true,"href":"https:\/\/podcast.rs\/en\/wp-json\/wp\/v2\/categories?post=96254"},{"taxonomy":"post_tag","embeddable":true,"href":"https:\/\/podcast.rs\/en\/wp-json\/wp\/v2\/tags?post=96254"}],"curies":[{"name":"wp","href":"https:\/\/api.w.org\/{rel}","templated":true}]}}