{"id":962199,"date":"2026-09-02T15:00:11","date_gmt":"2026-09-02T13:00:11","guid":{"rendered":"https:\/\/podcast.rs\/nis-ove-godine-dobio-dva-filmska-festivala\/"},"modified":"2026-09-02T18:31:26","modified_gmt":"2026-09-02T16:31:26","slug":"nis-ove-godine-dobio-dva-filmska-festivala","status":"publish","type":"post","link":"https:\/\/podcast.rs\/en\/nis-ove-godine-dobio-dva-filmska-festivala\/","title":{"rendered":"Ni\u0161 ove godine dobio dva filmska festivala"},"content":{"rendered":"<p>Jedan grad, dva filmska festivala &#8211; i oba tvrde da nastavljaju tradiciju \u010duvenih ni\u0161kih Filmskih susreta. Nakon pro\u0161logodi\u0161njeg sukoba glumaca i gradskih vlasti, ove godine u Ni\u0161u su, gotovo istovremeno, odr\u017eana dva festivala, s razli\u010ditim organizatorima, nagradama i publikom. Jelena \u0110uki\u0107-Peji\u0107 obja\u0161njava kako je politika podijelila jedan od najstarijih filmskih festivala u Srbiji. Maja Mari\u0107 razgovara s Majom \u0160u\u0161om, glumicom i scenaristicom, o tome kako je sve to izgledalo proteklih dana.<\/p>","protected":false},"excerpt":{"rendered":"<p>Jedan grad, dva filmska festivala &#8211; i oba tvrde da nastavljaju tradiciju \u010duvenih ni\u0161kih Filmskih susreta. Nakon pro\u0161logodi\u0161njeg sukoba glumaca i gradskih vlasti, ove godine u Ni\u0161u su, gotovo istovremeno, odr\u017eana dva festivala, s razli\u010ditim organizatorima, nagradama i publikom. Jelena \u0110uki\u0107-Peji\u0107 obja\u0161njava kako je politika podijelila jedan od najstarijih filmskih festivala u Srbiji. Maja Mari\u0107&#8230;<\/p>","protected":false},"author":3,"featured_media":659662,"comment_status":"closed","ping_status":"closed","sticky":false,"template":"","format":"standard","meta":{"page_builder":"","footnotes":""},"categories":[183],"tags":[],"class_list":["post-962199","post","type-post","status-publish","format-standard","has-post-thumbnail","hentry","category-cosmo"],"_links":{"self":[{"href":"https:\/\/podcast.rs\/en\/wp-json\/wp\/v2\/posts\/962199","targetHints":{"allow":["GET"]}}],"collection":[{"href":"https:\/\/podcast.rs\/en\/wp-json\/wp\/v2\/posts"}],"about":[{"href":"https:\/\/podcast.rs\/en\/wp-json\/wp\/v2\/types\/post"}],"author":[{"embeddable":true,"href":"https:\/\/podcast.rs\/en\/wp-json\/wp\/v2\/users\/3"}],"replies":[{"embeddable":true,"href":"https:\/\/podcast.rs\/en\/wp-json\/wp\/v2\/comments?post=962199"}],"version-history":[{"count":1,"href":"https:\/\/podcast.rs\/en\/wp-json\/wp\/v2\/posts\/962199\/revisions"}],"predecessor-version":[{"id":963089,"href":"https:\/\/podcast.rs\/en\/wp-json\/wp\/v2\/posts\/962199\/revisions\/963089"}],"wp:featuredmedia":[{"embeddable":true,"href":"https:\/\/podcast.rs\/en\/wp-json\/wp\/v2\/media\/659662"}],"wp:attachment":[{"href":"https:\/\/podcast.rs\/en\/wp-json\/wp\/v2\/media?parent=962199"}],"wp:term":[{"taxonomy":"category","embeddable":true,"href":"https:\/\/podcast.rs\/en\/wp-json\/wp\/v2\/categories?post=962199"},{"taxonomy":"post_tag","embeddable":true,"href":"https:\/\/podcast.rs\/en\/wp-json\/wp\/v2\/tags?post=962199"}],"curies":[{"name":"wp","href":"https:\/\/api.w.org\/{rel}","templated":true}]}}