{"id":96099,"date":"2023-12-08T00:19:24","date_gmt":"2023-12-07T23:19:24","guid":{"rendered":"https:\/\/podcast.rs\/?p=96099"},"modified":"2023-12-08T02:05:43","modified_gmt":"2023-12-08T00:05:43","slug":"ivana-vojvodic-juventas-nastali-smo-kao-otpor-jednoumlju-slobodana-milosevica-e59s02","status":"publish","type":"post","link":"https:\/\/podcast.rs\/en\/ivana-vojvodic-juventas-nastali-smo-kao-otpor-jednoumlju-slobodana-milosevica-e59s02\/","title":{"rendered":"Ivana Vojvodi\u0107, Juventas: Nastali smo kao otpor jednoumlju Slobodana Milo\u0161evi\u0107a | E59S02"},"content":{"rendered":"<p>Dobrodo\u0161li u jo\u0161 jednu epizodu Spotlight Podcast-a! U ovoj epizodi smo razgovarali sa Ivanom Vojvodi\u0107, Izvr\u0161nom direktoricom NVO &#8222;Juventas&#8220; i dugogodi\u0161njom aktivistkinjom u civilnom sektoru. Sa Ivanom smo pri\u010dali o izazovima civilnog sektora u Crnoj Gori i regionu, njenim po\u010decima i impresivnoj aktivisti\u010dkoj karijeri dugoj 20 godina, kao i mnogobrojnim uspjesima na akademskom polju.<\/p>\n<p>Ivana Vujovi\u0107 je aktivna \u010dlanica crnogorskog civilnog dru\u0161tva ve\u0107 20 godina. Izvr\u0161na je direktorica Juventasa, nevladine organizacije koja doprinosi unapre\u0111enju ljudskih prava i demokratizaciji dru\u0161tva sa posebnom akcentom na rad sa najosjetljivijim grupama. Na \u010delu Juventasa je od 2004. godine.<\/p>\n<p>Ivana je bila program koordinatorka u Fondaciji za promovisanje nauke &#8211; PRONA, kao i izvr\u0161na koordinatorka Festivala nauke 2009. Bila je \u010dlanica Upravnog odbora lokalnog komiteta Organizacije za me\u0111unarodu razmjenu studenata tehnike IAESTE (The International Association for the Exchange of Students for Technical Experience), zatim \u010dlanica Upravnog odbora Centra za monitoring i istra\u017eivanje. Vodila je odjeljenje za empirijska istra\u017eivanja CeMI-ja. Tako\u0111e, \u010dlanica je Nacionalnog koordiniraju\u0107eg tijela za implementaciju projekata finansiranih od strane Globalnog foonda za borbu protiv AIDS-a, tuberkoloze i malarije, te Radnih grupa za pregovaranje sa Evropskom Unijom \u2013 Poglavlje 24 (Pravda, Sloboda, bezbjednost) i Poglavlje 18 (Statistika)..<\/p>\n<p>Bila je \u010dlanica je Upravnog odbora Me\u0111unarodne asocijacije za unaprje\u0111enje inovativnog pristupa globalnim izazovima (IAAI &#8211; International Association for the Advancement of Innovative Approaches to Global Challenges). Tako\u0111e, bila je \u010dlanica brojnih me\u0111unarodnih misija nadgledanja izbora u organizaciji OEBS-a i ENEMA kao dio upravlja\u010dkog tima misija, ili kao dugoro\u010dna ili kratkoro\u010dna posmatra\u010dica izbora.<\/p>\n<p>Magistrirala je primijenjenu statistiku na Univerzitetu Strathclyde u Glazgovu, a trenutno je na zavr\u0161noj godini magistarskog programa Statistika \u2013 Evropski master zvani\u010dne statistike pri Univerzitetu Donja Gorica. Dobitnica je Chevening stipendije za 2020. Zavr\u0161ila je osnovne studije fizike na Prirodno matemati\u010dkom fakultetu, Univerziteta Crna Gora. Tokom \u0161kolovanja je osvajala brojne nagrade i stipendije zbog postignutih rezultat iz oblasti prirodnih nauka i debate. U okviru internship programa IAESTE-a boravila 2 mjeseca na Lapenranta Tehnolo\u0161kom Univerzitetu, Finska, zatim kao nosilac CEEPUS stipendije godinu, 6 mjeseci u grupi za Eksperimentalnu fiziku plazme pri Institutu za jonsku i primijenjenu fiziku, na Univerzitetu Leopold-Franzens, Inzbruk, Austria. Uspje\u0161no je zavr\u0161ila i tromjese\u010dni specijalizovani EUROSTAT-ov kurs primjene R programiranja u zvani\u010dnoj statistici. Predaje stitistiku na Logate Akademiji.<\/p>\n<p>\ud83c\udf99O nama:<\/p>\n<p>Misija ovog regionalnog obrazovnog podkasta jeste da osvijetli brilijantne karijere studenata, preduzetnika, istra\u017eiva\u010da i inventora koji u ti\u0161ini svog doma, daleko od o\u010diju javnosti, kreiraju sjajne stvari. Cilj Spotlight Podcast-a je me\u0111ugrani\u010dna saradnja i kreiranje platforme za networking i strate\u0161ku saradnju na svim nau\u010dnim poljima. Tako\u0111e, sa akademskog nadgra\u0111ivanja i internacionalnog iskustva polako i stidljivo pokre\u0107emo teme li\u010dnog i profesionalnog razvoja podsti\u010du\u0107i proaktivnost i preduzetni\u010dki duh. U martu 2022. god. smo snimili prvu epizodu i od tada, na na\u0161u sre\u0107u, entuzijazam i zadovoljstvo, znamo samo za uspjeh. <\/p>\n<p>Voditelj, snimatelj, monta\u017eer i izv\u0161ni producent je Janko \u0160kuleti\u0107, koji je nakon desetogodi\u0161nje karijere u oblasti investicija i saradnje sa investitorima iz Ujedinjenih Arapskih Emirata i Bliskog istoka, kao i karijere u bankarstvu, odlu\u010dio da se posveti obrazovanju i danas je jedan od vode\u0107ih agenata za studentsku mobilnost u regionu Zapadnog Balkana.<\/p>","protected":false},"excerpt":{"rendered":"<p>Dobrodo\u0161li u jo\u0161 jednu epizodu Spotlight Podcast-a! U ovoj epizodi smo razgovarali sa Ivanom Vojvodi\u0107, Izvr\u0161nom direktoricom NVO &#8222;Juventas&#8220; i dugogodi\u0161njom aktivistkinjom u civilnom sektoru. Sa Ivanom smo pri\u010dali o izazovima civilnog sektora u Crnoj Gori i regionu, njenim po\u010decima i impresivnoj aktivisti\u010dkoj karijeri dugoj 20 godina, kao i mnogobrojnim uspjesima na akademskom polju. Ivana&#8230;<\/p>","protected":false},"author":3,"featured_media":78264,"comment_status":"close","ping_status":"closed","sticky":false,"template":"","format":"audio","meta":{"footnotes":""},"categories":[515],"tags":[],"class_list":["post-96099","post","type-post","status-publish","format-audio","has-post-thumbnail","hentry","category-spotlight-podcast","post_format-post-format-audio"],"_links":{"self":[{"href":"https:\/\/podcast.rs\/en\/wp-json\/wp\/v2\/posts\/96099","targetHints":{"allow":["GET"]}}],"collection":[{"href":"https:\/\/podcast.rs\/en\/wp-json\/wp\/v2\/posts"}],"about":[{"href":"https:\/\/podcast.rs\/en\/wp-json\/wp\/v2\/types\/post"}],"author":[{"embeddable":true,"href":"https:\/\/podcast.rs\/en\/wp-json\/wp\/v2\/users\/3"}],"replies":[{"embeddable":true,"href":"https:\/\/podcast.rs\/en\/wp-json\/wp\/v2\/comments?post=96099"}],"version-history":[{"count":1,"href":"https:\/\/podcast.rs\/en\/wp-json\/wp\/v2\/posts\/96099\/revisions"}],"predecessor-version":[{"id":96100,"href":"https:\/\/podcast.rs\/en\/wp-json\/wp\/v2\/posts\/96099\/revisions\/96100"}],"wp:featuredmedia":[{"embeddable":true,"href":"https:\/\/podcast.rs\/en\/wp-json\/wp\/v2\/media\/78264"}],"wp:attachment":[{"href":"https:\/\/podcast.rs\/en\/wp-json\/wp\/v2\/media?parent=96099"}],"wp:term":[{"taxonomy":"category","embeddable":true,"href":"https:\/\/podcast.rs\/en\/wp-json\/wp\/v2\/categories?post=96099"},{"taxonomy":"post_tag","embeddable":true,"href":"https:\/\/podcast.rs\/en\/wp-json\/wp\/v2\/tags?post=96099"}],"curies":[{"name":"wp","href":"https:\/\/api.w.org\/{rel}","templated":true}]}}