{"id":956677,"date":"2026-09-01T10:48:59","date_gmt":"2026-09-01T08:48:59","guid":{"rendered":"https:\/\/podcast.rs\/a-tabornok-sirhelye\/"},"modified":"2026-09-01T10:48:59","modified_gmt":"2026-09-01T08:48:59","slug":"a-tabornok-sirhelye","status":"publish","type":"post","link":"https:\/\/podcast.rs\/en\/a-tabornok-sirhelye\/","title":{"rendered":"A t\u00e1bornok s\u00edrhelye"},"content":{"rendered":"<p>Tizen\u00f6t \u00e9vvel ezel\u0151tt, amikor Nagybecskerekr\u0151l Versecre tartottunk koll\u00e9g\u00e1mmal, \u00e9s a mai nev\u00e9n Lazarev\u00f3nak keresztelt falun \u00e1thaladva meg\u00e1lltunk egy \u00fcd\u00edt\u0151re, egyik\u00fcnk sem gondolta, hogy t\u0151l\u00fcnk n\u00e9h\u00e1ny sz\u00e1z m\u00e9terre lakik a m\u00e1sf\u00e9l \u00e9vtizede Szerbi\u00e1ban hi\u00e1ba keresett Ratko Mladi\u0107, a boszniai Szerb Hadsereg <a href=\"https:\/\/podcast.szabadmagyarszo.com\/podcast\/a-tabornok-sirhelye\/\"> Read more\u2026<\/a><\/p>","protected":false},"excerpt":{"rendered":"<p>Tizen\u00f6t \u00e9vvel ezel\u0151tt, amikor Nagybecskerekr\u0151l Versecre tartottunk koll\u00e9g\u00e1mmal, \u00e9s a mai nev\u00e9n Lazarev\u00f3nak keresztelt falun \u00e1thaladva meg\u00e1lltunk egy \u00fcd\u00edt\u0151re, egyik\u00fcnk sem gondolta<\/p>","protected":false},"author":4,"featured_media":100517,"comment_status":"","ping_status":"closed","sticky":false,"template":"","format":"standard","meta":{"page_builder":"","footnotes":""},"categories":[588],"tags":[],"class_list":["post-956677","post","type-post","status-publish","format-standard","has-post-thumbnail","hentry","category-szabad-magyar-szo"],"_links":{"self":[{"href":"https:\/\/podcast.rs\/en\/wp-json\/wp\/v2\/posts\/956677","targetHints":{"allow":["GET"]}}],"collection":[{"href":"https:\/\/podcast.rs\/en\/wp-json\/wp\/v2\/posts"}],"about":[{"href":"https:\/\/podcast.rs\/en\/wp-json\/wp\/v2\/types\/post"}],"author":[{"embeddable":true,"href":"https:\/\/podcast.rs\/en\/wp-json\/wp\/v2\/users\/4"}],"replies":[{"embeddable":true,"href":"https:\/\/podcast.rs\/en\/wp-json\/wp\/v2\/comments?post=956677"}],"version-history":[{"count":0,"href":"https:\/\/podcast.rs\/en\/wp-json\/wp\/v2\/posts\/956677\/revisions"}],"wp:featuredmedia":[{"embeddable":true,"href":"https:\/\/podcast.rs\/en\/wp-json\/wp\/v2\/media\/100517"}],"wp:attachment":[{"href":"https:\/\/podcast.rs\/en\/wp-json\/wp\/v2\/media?parent=956677"}],"wp:term":[{"taxonomy":"category","embeddable":true,"href":"https:\/\/podcast.rs\/en\/wp-json\/wp\/v2\/categories?post=956677"},{"taxonomy":"post_tag","embeddable":true,"href":"https:\/\/podcast.rs\/en\/wp-json\/wp\/v2\/tags?post=956677"}],"curies":[{"name":"wp","href":"https:\/\/api.w.org\/{rel}","templated":true}]}}