{"id":95661,"date":"2023-12-05T18:00:58","date_gmt":"2023-12-05T17:00:58","guid":{"rendered":"https:\/\/podcast.rs\/?p=95661"},"modified":"2023-12-05T20:21:35","modified_gmt":"2023-12-05T18:21:35","slug":"zagrebacki-advent-i-njemacko-bozicno-drvce","status":"publish","type":"post","link":"https:\/\/podcast.rs\/en\/zagrebacki-advent-i-njemacko-bozicno-drvce\/","title":{"rendered":"Zagreba\u010dki Advent i njema\u010dko bo\u017ei\u0107no drvce"},"content":{"rendered":"<p>      Bo\u017ei\u0107 ili Nova Godina gotovo su nezamislivi bez oki\u0107enog bora, tako nala\u017eu obi\u010daji. Ali odakle oni dolaze i za\u0161to ba\u0161 kitimo bor? Kakve veze sajmovi imaju sa Adventom? I \u0161to to Njema\u010dku ve\u017ee s kraljicom Viktorijom, ali i bo\u017eicnim drvcem? O svemu tome u ovom podkastu, kada Filip Slavkovi\u0107 poja\u0161njava povijest ovih tradicija, dok Petra \u0160varc zna za\u0161to je zagreba\u010dki Advent na tako dobrom glasu i ove godine.<\/p>","protected":false},"excerpt":{"rendered":"<p>Bo\u017ei\u0107 ili Nova Godina gotovo su nezamislivi bez oki\u0107enog bora, tako nala\u017eu obi\u010daji. Ali odakle oni dolaze i za\u0161to ba\u0161 kitimo bor? Kakve veze sajmovi imaju sa Adventom? I \u0161to to Njema\u010dku ve\u017ee s kraljicom Viktorijom, ali i bo\u017eicnim drvcem? O svemu tome u ovom podkastu, kada Filip Slavkovi\u0107 poja\u0161njava povijest ovih tradicija, dok Petra&#8230;<\/p>","protected":false},"author":3,"featured_media":48737,"comment_status":"close","ping_status":"closed","sticky":false,"template":"","format":"audio","meta":{"footnotes":""},"categories":[183],"tags":[],"class_list":["post-95661","post","type-post","status-publish","format-audio","has-post-thumbnail","hentry","category-cosmo","post_format-post-format-audio"],"_links":{"self":[{"href":"https:\/\/podcast.rs\/en\/wp-json\/wp\/v2\/posts\/95661","targetHints":{"allow":["GET"]}}],"collection":[{"href":"https:\/\/podcast.rs\/en\/wp-json\/wp\/v2\/posts"}],"about":[{"href":"https:\/\/podcast.rs\/en\/wp-json\/wp\/v2\/types\/post"}],"author":[{"embeddable":true,"href":"https:\/\/podcast.rs\/en\/wp-json\/wp\/v2\/users\/3"}],"replies":[{"embeddable":true,"href":"https:\/\/podcast.rs\/en\/wp-json\/wp\/v2\/comments?post=95661"}],"version-history":[{"count":1,"href":"https:\/\/podcast.rs\/en\/wp-json\/wp\/v2\/posts\/95661\/revisions"}],"predecessor-version":[{"id":95662,"href":"https:\/\/podcast.rs\/en\/wp-json\/wp\/v2\/posts\/95661\/revisions\/95662"}],"wp:featuredmedia":[{"embeddable":true,"href":"https:\/\/podcast.rs\/en\/wp-json\/wp\/v2\/media\/48737"}],"wp:attachment":[{"href":"https:\/\/podcast.rs\/en\/wp-json\/wp\/v2\/media?parent=95661"}],"wp:term":[{"taxonomy":"category","embeddable":true,"href":"https:\/\/podcast.rs\/en\/wp-json\/wp\/v2\/categories?post=95661"},{"taxonomy":"post_tag","embeddable":true,"href":"https:\/\/podcast.rs\/en\/wp-json\/wp\/v2\/tags?post=95661"}],"curies":[{"name":"wp","href":"https:\/\/api.w.org\/{rel}","templated":true}]}}