{"id":953039,"date":"2026-08-31T11:30:46","date_gmt":"2026-08-31T09:30:46","guid":{"rendered":"https:\/\/podcast.rs\/nemacka-je-evropski-bolesnik\/"},"modified":"2026-08-31T11:30:46","modified_gmt":"2026-08-31T09:30:46","slug":"nemacka-je-evropski-bolesnik","status":"publish","type":"post","link":"https:\/\/podcast.rs\/en\/nemacka-je-evropski-bolesnik\/","title":{"rendered":"Nema\u010dka je evropski bolesnik"},"content":{"rendered":"<p>U te\u0161kim vremenima, svaki incident postane metafora. Tako je i poraz Nema\u010dke od Paragvaja na Mundijalu postao slika i prilika ekonomske krize, politi\u010dke nestabilnosti i nacionalnog lutanja Savezne Republike. <\/p>\n<\/p>\n<p>Spoljnopoliti\u010dke analize \u017deljka Panteli\u0107a \u010ditajte svakodnevno na velikeprice.com &#8211; <a href=\"https:\/\/velikeprice.com\/author\/zeljko-pantelic\/\" rel=\"nofollow\">https:\/\/velikeprice.com\/author\/zeljko-pantelic\/<\/a><\/p>\n<\/p>\n<p>Umesto da od Nema\u010dke kreira predvodnika nove Evrope, sposobne da na ravnoj nozi sedi za stolom sa planetarnim igra\u010dima, Merkelova je sanjala i zami\u0161ljala Nema\u010dku kao \u201eveliku \u0160vajcarsku\u201c, ili kako je slikovito odgovorila na pitanje \u0161ta joj prvo padne na pamet kad pomisli na Nema\u010dku: \u201ena ku\u0107u sa \u010dvrsto zatvorenim prozorima\u201c. \u0160teta \u0161to je ista Angela Merkel zatvorila tu ku\u0107u za dr\u017eave Zapadnog Balkana, a otvorila za milione izbeglica \u010diji je dolazak o\u017eiveo tada umiru\u0107u Alternativu za Nema\u010dku.<\/p>\n<\/p>\n<p>\u0160esnaest godina blagostanja, sigurnosti i bezbri\u017enosti sa Merkelovom, Nemci, ali i dobar deo EU, pla\u0107a\u0107e decenijama. \u0160reder je izle\u010dio tokom svoja dva mandata u Berlinu \u201ebolesnika Nema\u010dku\u201c, dok je Merkelova u velikoj meri doprinela da se Savezna Republika ponovo \u201erazboli\u201c. Angela Merkel nije gurnula Nema\u010dku u cikli\u010dnu ekonomsku krizu, kakve se doga\u0111aju, verifikovalo se ne\u0161to gore: do\u0161lo je do strukturalnog slabljenja sistema i posledi\u010dno pada potencijala za privredni rast i brzi oporavak.<\/p>\n<\/p>\n<p>Istini za volju, i Merc se pona\u0161a licemerno. S jedne strane vr\u0161i pritisak da EU uvede za\u0161titne mere protiv Kine, a s druge dr\u017ei otvorene kanale s Pekingom kako bi obezbedio retke metale potrebne nema\u010dkoj industriji ali i da ne ugrozi poziciju nekoliko hiljada nema\u010dkih kompanija koje i dalje posluju u Kini.<\/p>\n<\/p>\n<p>\ud83c\udfa7 Samo za vas koji pratite ovaj podkast<\/p>\n<\/p>\n<p>\ud83c\udf0d Iskorisitite kupon GEOREPORT na sajtu   <a href=\"https:\/\/velikeprice.com\/georeport-special-action\/\" rel=\"nofollow\">https:\/\/velikeprice.com\/georeport-special-action\/<\/a> i \u010ditajte Velike pri\u010de sa 60% popusta \ud83c\udf0d<\/p>\n<\/p>\n<p>\u010citajte \u017deljka Panteli\u0107a na Velikim pri\u010dama \ud83d\udcf0 <a href=\"https:\/\/shorturl.at\/glA2P\" rel=\"nofollow\">https:\/\/shorturl.at\/glA2P<\/a><\/p>\n<\/p>\n<p>00:00:00 Uvod<\/p>\n<p>00:01:45 DA LI JE MERKELOVA NAJGORI NEMA\u010cKI POSLERATNI KANCELAR?<\/p>\n<p>00:07:17 MERCOV OBRA\u010cUNA SA NASLE\u0110EM MERKELOVE.<\/p>\n<p>00:10:17 \u0160TA JE CILJ ZAOKRETA ILI ZEITENWENDE?<\/p>\n<p>00:14:13 MENJANJE ULOGE NEMA\u010cKE<\/p>\n<p>00:17:30 NAJJA\u010cA KONVENCIONALNA ARMIJA <\/p>\n<p>00:22:52 DA LI MERCU PRETI STARMEROVA SUDBINA?<\/p>\n<p>00:27:00 KAKAV JE MERCOV PLAN ZA IZLAZAK IZ KRIZE<\/p>\n<p>00:29:51 NO\u0106NA MORA AFD<\/p>\n<hr>\n<p style=\"color:grey;font-size:0.75em\"> Hosted on Acast. See <a style=\"color:grey\" target=\"_blank\" rel=\"noopener noreferrer\" href=\"https:\/\/acast.com\/privacy\">acast.com\/privacy<\/a> for more information.<\/p>","protected":false},"excerpt":{"rendered":"<p>Problem za EU, ali i Evropu u celini, jeste \u0161to se sudbina celog kontinenta, u dobru i zlu, odlu\u010duje u Berlinu<\/p>","protected":false},"author":3,"featured_media":69343,"comment_status":"","ping_status":"closed","sticky":false,"template":"","format":"standard","meta":{"footnotes":""},"categories":[503],"tags":[],"class_list":["post-953039","post","type-post","status-publish","format-standard","has-post-thumbnail","hentry","category-pantelicev-georeport"],"_links":{"self":[{"href":"https:\/\/podcast.rs\/en\/wp-json\/wp\/v2\/posts\/953039","targetHints":{"allow":["GET"]}}],"collection":[{"href":"https:\/\/podcast.rs\/en\/wp-json\/wp\/v2\/posts"}],"about":[{"href":"https:\/\/podcast.rs\/en\/wp-json\/wp\/v2\/types\/post"}],"author":[{"embeddable":true,"href":"https:\/\/podcast.rs\/en\/wp-json\/wp\/v2\/users\/3"}],"replies":[{"embeddable":true,"href":"https:\/\/podcast.rs\/en\/wp-json\/wp\/v2\/comments?post=953039"}],"version-history":[{"count":0,"href":"https:\/\/podcast.rs\/en\/wp-json\/wp\/v2\/posts\/953039\/revisions"}],"wp:featuredmedia":[{"embeddable":true,"href":"https:\/\/podcast.rs\/en\/wp-json\/wp\/v2\/media\/69343"}],"wp:attachment":[{"href":"https:\/\/podcast.rs\/en\/wp-json\/wp\/v2\/media?parent=953039"}],"wp:term":[{"taxonomy":"category","embeddable":true,"href":"https:\/\/podcast.rs\/en\/wp-json\/wp\/v2\/categories?post=953039"},{"taxonomy":"post_tag","embeddable":true,"href":"https:\/\/podcast.rs\/en\/wp-json\/wp\/v2\/tags?post=953039"}],"curies":[{"name":"wp","href":"https:\/\/api.w.org\/{rel}","templated":true}]}}