{"id":95134,"date":"2023-12-03T09:01:17","date_gmt":"2023-12-03T08:01:17","guid":{"rendered":"https:\/\/podcast.rs\/?p=95134"},"modified":"2023-12-03T10:44:03","modified_gmt":"2023-12-03T08:44:03","slug":"spens-i-moderna-novog-sada-dr-miljana-zekovic-i-dr-dragana-konstantinovic-podcast-sfera-ep-22","status":"publish","type":"post","link":"https:\/\/podcast.rs\/en\/spens-i-moderna-novog-sada-dr-miljana-zekovic-i-dr-dragana-konstantinovic-podcast-sfera-ep-22\/","title":{"rendered":"SPENS I MODERNA NOVOG SADA | dr Miljana Zekovi\u0107 i dr Dragana Konstantinovi\u0107 | Podcast SFERA | EP 22"},"content":{"rendered":"<p><strong>Sponzori<\/strong><\/p>\n<ul>\n<li>Graphisoft &#8211; <a href=\"https:\/\/graphisoft.com\/\">https:\/\/graphisoft.com\/<\/a><\/li>\n<li>Grohe &#8211; <a href=\"https:\/\/www.grohe.rs\/sr_rs\/\">https:\/\/www.grohe.rs\/sr_rs\/<\/a><\/li>\n<li>Alumil &#8211; <a href=\"https:\/\/www.alumil.com\/serbia\/homeowners\">https:\/\/www.alumil.com\/serbia\/homeowners<\/a><\/li>\n<\/ul>\n<p>&#8212;<br \/>U ovoj epizodi istrazujemo jednu od tri najpoznatije arhitektonske znamenitosti u Novom Sadu &#8211; SPENS (Sportski i Poslovni centar \u201cVojvodina\u201d). Ovaj objekat, koji je projektovan 1979. godine od strane arhitektonskog dvojca prof. \u017d. Jankovi\u0107a i B. Buli\u0107a iz Instituta za Urbanizam sa Arhitektonskog fakulteta u Sarajevu, predstavlja ikonu grada pored glavnog repera sa veduta i razglednica Novog Sada &#8211; Petrovaradinske Tvr\u0111ave i zgrade Banovine, poznatog arhitekte Dragi\u0161e Bra\u0161ovana.<\/p>\n<p>Nakon vi\u0161e od \u010detrdeset godina postojanja, do\u0161ao je trenutak za rekonstrukciju SPENSA, a vo\u0111enje ovog projekta preuzeli su na\u0161i dana\u0161nji gosti, tako\u0111e istaknuti duo &#8211; arhitekte i profesori sa novosadskog Fakulteta Tehni\u010dkih Nauka, sa departmana za arhitekturu, s katedrom za projektovanje. R<strong>edovna profesorka dr Miljana Zekovi\u0107 i vanredna profesorka dr Dragana Konstantinovi\u0107<\/strong> predstavljaju vrhunski primer stru\u010dnjaka koji sjajno balansiraju izme\u0111u teorije i prakse, istovremeno deluju\u0107i i u akademskom okru\u017eenju i u profesionalnom svetu. Dobitnice su mnogih nagrada na doma\u0107im i internacionalnim konkursima, uklju\u010duju\u0107i i dva \u201cGrand Prix-a\u201d na beogradskom i novosadskom Salonu Arhitekture u protekle dve godine, kao i Nagradu \u201cRanko Radovi\u0107\u201d za 2019. godinu.<\/p>\n<p>Njihov pristup je originalan i osve\u017eavaju\u0107i, kombinuju\u0107i vrednosti starih majstora arhitekture s modernim pristupom. Uz njih smo razgovarali ne samo o projektu rekonstrukcije SPENS-A, ve\u0107 i o interesantnim projektima u sferi kulture, poput Kulturne Stanice Novo Naselje, i obrazovanja, kao \u0161to je Nau\u010dno Tehnolo\u0161ki Park. Tako\u0111e su podelile svoja iskustva o radu s mladim ljudima i studentima, isti\u010du\u0107i prave vrednosti u arhitekturi. Dotakle su se i velikih kulturnih doga\u0111aja u regionu, poput Sarajevskih dana Arhitekture i Kaleidoskopa Kulture. Dana\u0161nje sagovornice predstavljaju jedne od poslednjih u\u010denica stare garde prijektanata, koje, uz neizostavni osmeh na licu, ostavljaju pe\u010dat oboga\u0107uju\u0107i gradsku kulturu i budu\u0107e nasle\u0111e savremenim pristupom.<br \/>&#8212;<\/p>\n<p><strong>KREATIVNI TIM<\/strong><\/p>\n<p><strong>Autori i urednici<\/strong><\/p>\n<ul>\n<li>Miljan Salata<\/li>\n<li>Igor Mikiti\u0161in<\/li>\n<li>Nemanja Da\u010di\u0107<\/li>\n<li>Denis Turanovi\u0107<\/li>\n<\/ul>\n<p><strong>Voditelji<\/strong><\/p>\n<ul>\n<li>Igor Mikiti\u0161in i Miljan Salata<\/li>\n<\/ul>\n<p><strong>Direktor fotografije<\/strong><\/p>\n<ul>\n<li>Nemanja Da\u010di\u0107<\/li>\n<\/ul>\n<p><strong>Vizuelni identitet<\/strong><\/p>\n<ul>\n<li>Denis Turanovi\u0107<\/li>\n<\/ul>\n<p><strong>Monta\u017ea i zvuk<\/strong><\/p>\n<ul>\n<li>Luka Juki\u0107<\/li>\n<\/ul>\n<p><strong>Social media content<\/strong><\/p>\n<ul>\n<li>Kristina Vukovi\u0107<\/li>\n<\/ul>\n<p><strong>Dru\u0161tvene mre\u017ee<\/strong><\/p>\n<p><a href=\"https:\/\/linktr.ee\/sfera_podcast\">https:\/\/linktr.ee\/sfera_podcast<\/a><\/p>\n<p>&#8212;<\/p>\n<p>ZABRANJENO JE SVAKO KOPIRANJE I PREUZIMANJE, U DELOVIMA ILI U CELOSTI, BEZ ODOBRENJA AUTORA I PRODUKCIJE KOJA JE VLASNIK MATERIJALA.<\/p>\n<p>Podcast SFERA \ud83c\udf1a<\/p>","protected":false},"excerpt":{"rendered":"<p>Sponzori Graphisoft &#8211; https:\/\/graphisoft.com\/ Grohe &#8211; https:\/\/www.grohe.rs\/sr_rs\/ Alumil &#8211; https:\/\/www.alumil.com\/serbia\/homeowners &#8212;U ovoj epizodi istrazujemo jednu od tri najpoznatije arhitektonske znamenitosti u Novom Sadu &#8211; SPENS (Sportski i Poslovni centar \u201cVojvodina\u201d). Ovaj objekat, koji je projektovan 1979. godine od strane arhitektonskog dvojca prof. \u017d. Jankovi\u0107a i B. Buli\u0107a iz Instituta za Urbanizam sa Arhitektonskog fakulteta u&#8230;<\/p>","protected":false},"author":3,"featured_media":69113,"comment_status":"close","ping_status":"closed","sticky":false,"template":"","format":"audio","meta":{"footnotes":""},"categories":[501],"tags":[],"class_list":["post-95134","post","type-post","status-publish","format-audio","has-post-thumbnail","hentry","category-sfera","post_format-post-format-audio"],"_links":{"self":[{"href":"https:\/\/podcast.rs\/en\/wp-json\/wp\/v2\/posts\/95134","targetHints":{"allow":["GET"]}}],"collection":[{"href":"https:\/\/podcast.rs\/en\/wp-json\/wp\/v2\/posts"}],"about":[{"href":"https:\/\/podcast.rs\/en\/wp-json\/wp\/v2\/types\/post"}],"author":[{"embeddable":true,"href":"https:\/\/podcast.rs\/en\/wp-json\/wp\/v2\/users\/3"}],"replies":[{"embeddable":true,"href":"https:\/\/podcast.rs\/en\/wp-json\/wp\/v2\/comments?post=95134"}],"version-history":[{"count":1,"href":"https:\/\/podcast.rs\/en\/wp-json\/wp\/v2\/posts\/95134\/revisions"}],"predecessor-version":[{"id":95135,"href":"https:\/\/podcast.rs\/en\/wp-json\/wp\/v2\/posts\/95134\/revisions\/95135"}],"wp:featuredmedia":[{"embeddable":true,"href":"https:\/\/podcast.rs\/en\/wp-json\/wp\/v2\/media\/69113"}],"wp:attachment":[{"href":"https:\/\/podcast.rs\/en\/wp-json\/wp\/v2\/media?parent=95134"}],"wp:term":[{"taxonomy":"category","embeddable":true,"href":"https:\/\/podcast.rs\/en\/wp-json\/wp\/v2\/categories?post=95134"},{"taxonomy":"post_tag","embeddable":true,"href":"https:\/\/podcast.rs\/en\/wp-json\/wp\/v2\/tags?post=95134"}],"curies":[{"name":"wp","href":"https:\/\/api.w.org\/{rel}","templated":true}]}}