{"id":94944,"date":"2023-11-28T17:15:43","date_gmt":"2023-11-28T16:15:43","guid":{"rendered":"https:\/\/podcast.rs\/?p=94944"},"modified":"2023-11-28T18:21:31","modified_gmt":"2023-11-28T16:21:31","slug":"oneciscenje-zraka-problem-koji-nismo-rijesili-ni-u-2023","status":"publish","type":"post","link":"https:\/\/podcast.rs\/en\/oneciscenje-zraka-problem-koji-nismo-rijesili-ni-u-2023\/","title":{"rendered":"One\u010di\u0161\u0107enje zraka &#8211; problem koji nismo rije\u0161ili ni u 2023."},"content":{"rendered":"<p>      Kvaliteta zraka, tema koja je uvijek malo aktualnija zimi, kada intenzivnije grijemo ku\u0107e i stanove, a mnogi gradovi su sve \u010de\u0161\u0107e obavijen maglom i \u2013 smogom. EU upravo priprema stro\u017ee propise za kontrolu kvalitete zraka, saznaje kolega Filip Slavkovi\u0107, a na Balkanu se gra\u0111anske inicijative trude da doprinesu smanjenju zaga\u0111enja, iako gradovi u regiji uvijek visoko kotiraju na ljestvicama one\u010di\u0161\u0107enosti. Stru\u010dnjak za kvalitet zraka Martin Tais obja\u0161njava \u0161to se po tom pitanju mo\u017ee poduzeti.<\/p>","protected":false},"excerpt":{"rendered":"<p>Kvaliteta zraka, tema koja je uvijek malo aktualnija zimi, kada intenzivnije grijemo ku\u0107e i stanove, a mnogi gradovi su sve \u010de\u0161\u0107e obavijen maglom i \u2013 smogom. EU upravo priprema stro\u017ee propise za kontrolu kvalitete zraka, saznaje kolega Filip Slavkovi\u0107, a na Balkanu se gra\u0111anske inicijative trude da doprinesu smanjenju zaga\u0111enja, iako gradovi u regiji uvijek&#8230;<\/p>","protected":false},"author":3,"featured_media":48737,"comment_status":"close","ping_status":"closed","sticky":false,"template":"","format":"audio","meta":{"footnotes":""},"categories":[183],"tags":[],"class_list":["post-94944","post","type-post","status-publish","format-audio","has-post-thumbnail","hentry","category-cosmo","post_format-post-format-audio"],"_links":{"self":[{"href":"https:\/\/podcast.rs\/en\/wp-json\/wp\/v2\/posts\/94944","targetHints":{"allow":["GET"]}}],"collection":[{"href":"https:\/\/podcast.rs\/en\/wp-json\/wp\/v2\/posts"}],"about":[{"href":"https:\/\/podcast.rs\/en\/wp-json\/wp\/v2\/types\/post"}],"author":[{"embeddable":true,"href":"https:\/\/podcast.rs\/en\/wp-json\/wp\/v2\/users\/3"}],"replies":[{"embeddable":true,"href":"https:\/\/podcast.rs\/en\/wp-json\/wp\/v2\/comments?post=94944"}],"version-history":[{"count":1,"href":"https:\/\/podcast.rs\/en\/wp-json\/wp\/v2\/posts\/94944\/revisions"}],"predecessor-version":[{"id":94945,"href":"https:\/\/podcast.rs\/en\/wp-json\/wp\/v2\/posts\/94944\/revisions\/94945"}],"wp:featuredmedia":[{"embeddable":true,"href":"https:\/\/podcast.rs\/en\/wp-json\/wp\/v2\/media\/48737"}],"wp:attachment":[{"href":"https:\/\/podcast.rs\/en\/wp-json\/wp\/v2\/media?parent=94944"}],"wp:term":[{"taxonomy":"category","embeddable":true,"href":"https:\/\/podcast.rs\/en\/wp-json\/wp\/v2\/categories?post=94944"},{"taxonomy":"post_tag","embeddable":true,"href":"https:\/\/podcast.rs\/en\/wp-json\/wp\/v2\/tags?post=94944"}],"curies":[{"name":"wp","href":"https:\/\/api.w.org\/{rel}","templated":true}]}}