{"id":94716,"date":"2023-11-21T17:15:26","date_gmt":"2023-11-21T16:15:26","guid":{"rendered":"https:\/\/podcast.rs\/?p=94716"},"modified":"2023-11-21T20:22:08","modified_gmt":"2023-11-21T18:22:08","slug":"50-godina-od-prestanka-angaziranja-stranih-radnika-u-njemackoj","status":"publish","type":"post","link":"https:\/\/podcast.rs\/en\/50-godina-od-prestanka-angaziranja-stranih-radnika-u-njemackoj\/","title":{"rendered":"50 godina od prestanka anga\u017eiranja stranih radnika u Njema\u010dkoj"},"content":{"rendered":"<p>      Savezna vlada je 23. studenog 1973. okon\u010dala ugovore o zapo\u0161ljavanju koji su u Njema\u010dkoj zaposlili oko 14 milijuna stranih radnika.\u00a0Dio tih gastarbajtera bili su upravo privremeni radnici iz Jugoslavije.\u00a0Nenad Kreizer i Maja Mari\u0107 razgovaraju o tome kako je ova odluka Njema\u010dkoj donijela suprotan u\u010dinak od \u017eeljenog i utjecala na ve\u0107i broj useljenika, dok povjesni\u010darka Sara \u017deri\u0107 obja\u0161njava kako su njema\u010dki gastarbajteri i njihove devize utjecali na Jugoslaviju.<\/p>","protected":false},"excerpt":{"rendered":"<p>Savezna vlada je 23. studenog 1973. okon\u010dala ugovore o zapo\u0161ljavanju koji su u Njema\u010dkoj zaposlili oko 14 milijuna stranih radnika.\u00a0Dio tih gastarbajtera bili su upravo privremeni radnici iz Jugoslavije.\u00a0Nenad Kreizer i Maja Mari\u0107 razgovaraju o tome kako je ova odluka Njema\u010dkoj donijela suprotan u\u010dinak od \u017eeljenog i utjecala na ve\u0107i broj useljenika, dok povjesni\u010darka Sara&#8230;<\/p>","protected":false},"author":3,"featured_media":48737,"comment_status":"close","ping_status":"closed","sticky":false,"template":"","format":"audio","meta":{"footnotes":""},"categories":[183],"tags":[],"class_list":["post-94716","post","type-post","status-publish","format-audio","has-post-thumbnail","hentry","category-cosmo","post_format-post-format-audio"],"_links":{"self":[{"href":"https:\/\/podcast.rs\/en\/wp-json\/wp\/v2\/posts\/94716","targetHints":{"allow":["GET"]}}],"collection":[{"href":"https:\/\/podcast.rs\/en\/wp-json\/wp\/v2\/posts"}],"about":[{"href":"https:\/\/podcast.rs\/en\/wp-json\/wp\/v2\/types\/post"}],"author":[{"embeddable":true,"href":"https:\/\/podcast.rs\/en\/wp-json\/wp\/v2\/users\/3"}],"replies":[{"embeddable":true,"href":"https:\/\/podcast.rs\/en\/wp-json\/wp\/v2\/comments?post=94716"}],"version-history":[{"count":1,"href":"https:\/\/podcast.rs\/en\/wp-json\/wp\/v2\/posts\/94716\/revisions"}],"predecessor-version":[{"id":94717,"href":"https:\/\/podcast.rs\/en\/wp-json\/wp\/v2\/posts\/94716\/revisions\/94717"}],"wp:featuredmedia":[{"embeddable":true,"href":"https:\/\/podcast.rs\/en\/wp-json\/wp\/v2\/media\/48737"}],"wp:attachment":[{"href":"https:\/\/podcast.rs\/en\/wp-json\/wp\/v2\/media?parent=94716"}],"wp:term":[{"taxonomy":"category","embeddable":true,"href":"https:\/\/podcast.rs\/en\/wp-json\/wp\/v2\/categories?post=94716"},{"taxonomy":"post_tag","embeddable":true,"href":"https:\/\/podcast.rs\/en\/wp-json\/wp\/v2\/tags?post=94716"}],"curies":[{"name":"wp","href":"https:\/\/api.w.org\/{rel}","templated":true}]}}