{"id":94605,"date":"2023-11-18T14:01:34","date_gmt":"2023-11-18T13:01:34","guid":{"rendered":"https:\/\/podcast.rs\/?p=94605"},"modified":"2023-11-18T15:41:41","modified_gmt":"2023-11-18T13:41:41","slug":"kaleidoskop-kulture-nemanja-milenkovic-i-monika-bilbija-ponjavic-podcast-sfera-ep-20","status":"publish","type":"post","link":"https:\/\/podcast.rs\/en\/kaleidoskop-kulture-nemanja-milenkovic-i-monika-bilbija-ponjavic-podcast-sfera-ep-20\/","title":{"rendered":"KALEIDOSKOP KULTURE | Nemanja Milenkovi\u0107 i Monika Bilbija Ponjavi\u0107 | Podcast SFERA | EP 20"},"content":{"rendered":"<p><strong>Sponzori emisije<\/strong><\/p>\n<ul>\n<li>Graphisoft &#8211; <a href=\"https:\/\/www.youtube.com\/redirect?event=video_description&amp;redir_token=QUFFLUhqbDBIcUJaN1VJU05SeFN3UmlrRk91cjJoZkw3Z3xBQ3Jtc0tsVzhfbmNHekNEdmxlWTVLc2ZqcVNhcVBMMHFsN3dQV09WQW9aRVVFRzlLbGRZRlVwb01ZeDFBQ0hDTVhGS2c2TWtxRU9LdF9zX2JwWmpucE90ckwyQkJXa3E3YVhLeTZxUXViaG1PLUh5LWh2dF9iRQ&amp;q=https%3A%2F%2Fgraphisoft.com%2F&amp;v=_lHlxXoIOwU\">https:\/\/graphisoft.com\/<\/a><\/li>\n<li>Grohe &#8211; <a href=\"https:\/\/www.youtube.com\/redirect?event=video_description&amp;redir_token=QUFFLUhqazYzYVJNamJ4VmtHT3N6M1ZEa2twaElBdThrZ3xBQ3Jtc0ttZzB4V1dyeG1HbnZnaFY5a1BQaWFHajhNN3J0eE0zSHczZkZBVS1tWjBWRlJ5NlVycmg0NW1NTFBvX2NaWlRRVjhfRG9KMXNuU3hraDZZalgzcDJ0cTJxNktSX1NxbWFCekN4VHNDS2tyOXI5bmZoUQ&amp;q=https%3A%2F%2Fwww.grohe.rs%2Fsr_rs%2F&amp;v=_lHlxXoIOwU\">https:\/\/www.grohe.rs\/sr_rs\/<\/a><\/li>\n<li>Alumil &#8211; <a href=\"https:\/\/www.youtube.com\/redirect?event=video_description&amp;redir_token=QUFFLUhqbEc2dVhoWlRxWWd2VXJ0VUZOVzItSVZpLTc5Z3xBQ3Jtc0ttbU10UEtUNEVIWmhOakRLZ3N5Um9Ra1otczR5LVRNTEJsN3hnbVE5VERyZ202emxzZlNuRGhNY1dOZTJBVlNFUFU0aU42bVEzLWtSd0tiSC1teGx2cmNyY0ozZTNOdzVJZ2VNSXdVLTVPTEItckVlMA&amp;q=https%3A%2F%2Fwww.alumil.com%2Fserbia%2Fhomeowners&amp;v=_lHlxXoIOwU\">https:\/\/www.alumil.com\/serbia\/homeowners<\/a><\/li>\n<\/ul>\n<p><strong>Partner<\/strong><\/p>\n<ul>\n<li>Kaleidoskop Kulture <a href=\"https:\/\/www.youtube.com\/redirect?event=video_description&amp;redir_token=QUFFLUhqbjIyeG9ETlNTeWVRTE5Yem83bjd4TGtfeEZld3xBQ3Jtc0ttZDZfRl9rR1NfczMyRUtMMDI5OHlZMDlmUnNLZ3BLVlhXTzVsQ3ZIb2pxTk9zT1luTEVTdHJEa0IxTl9mUjc0YUpEMFZxX3FqYmR1QTlWRUJKMHhWbmhJaTFEZVFLLWZLNml4bTh1N1N6NzRWZmNXYw&amp;q=https%3A%2F%2Fkaleidoskopkulture.com%2Fen%2F&amp;v=5_CBQp-2Uso\">https:\/\/kaleidoskopkulture.com\/en\/<\/a><\/li>\n<\/ul>\n<p>&#8212;<\/p>\n<p>Kaleidoskop kulture je najbolji evropski trend brend u oblasti kulture koji je ove godine od 7. septembra do 15. oktobra u Novom Sadu po \u0161esti put okupio vi\u0161e od 1000 doma\u0107ih, regionalnih, evropskih i svetskih umetnika u obnovljenom Distriktu i mre\u017ei Kulturnih stanica i pretvorio \u010dita grad u scenu.\u00a0<\/p>\n<p>Ovi novi prostori za kulturu u Novom Sadu, zajedno sa Kaleidoskopom Kulture predstavljaju legate gradu koji nastavljaju da se razvijaju i nakon istorijske godine titule Evropske prestonice kulture. \u00a0\u00a0Pocast Sfera ove godine je postio zanimljiv program u Nedelji Arhitekture u kojoj su u\u010destvovali jedni od najboljih doma\u0107ih arhitekata: <em>akademik prof. dr Branislav Mitrovi\u0107, prof. dr Dragana Konstatinovi\u0107, prof. dr Miljana Zekovi\u0107, docent dr Slobodan Jovi\u0107<\/em> i mnogi drugi.<\/p>\n<p>Ipak moramo izdvojiti posetu Srbiji i Kaleidoskopu Kulture \u010duvenog \u010dileanskog i svetski poznatog arhitekte <strong>prof. dr Alejandra Aravene<\/strong>. \u00a0\u00a0U ovoj epizodi razgovarali smo sa direktorom fondacije &#8220;Novi Sad &#8211; Evropska prestonica kulture&#8220; <strong>Nemanjom Milenkovi\u0107em<\/strong> i umetni\u010dkom direktorkom Kaleidoskopa Kulture, koleginicom <strong>Monikom Bilbijom Ponjavi\u0107<\/strong>, o samom nastanku ovog projekta, njegovom istorijatu, ovogodi\u0161njem programu koje je promovisao kulturu zajedni\u0161tva kroz metni\u010dki koncept \u201eNeraskidive veze\u201c gde se obuhvata stvarala\u0161tvo ovih prostora u poslednjih 100 godina ali i vizijama ovog projekta u budu\u0107nosti.<\/p>\n<p>Hvala Kaleidoskopu Kulture sto nas je ugostio &#8211; <a href=\"https:\/\/www.youtube.com\/redirect?event=video_description&amp;redir_token=QUFFLUhqbUVKUng1bEVpTHJzMUNhaXBDVUZNSDVWSHFXd3xBQ3Jtc0tsTUVMWjlGUUJDTjBocW9RRHpoNE1wVEhjcml2ZjI3bDFYTXpOUEhtdFZrNlREZkhMNDc0ZUZtVVlMdlg4OGp0VW9wY1NNc1VPUklqRk53d1dIeTQ1T21iMzBKNXpla0xiZUhCQjllN0ZWbG5SUU9HUQ&amp;q=https%3A%2F%2Fkaleidoskopkulture.com%2Fsr%2F&amp;v=mboN5iZYPuc\">https:\/\/kaleidoskopkulture.com\/sr\/<\/a>. U\u017eivajte u ovom maloj reporta\u017ei iz Evropske prestonice Kulture \u2013 na\u0161eg Novog Sada.<\/p>\n<p>&#8212;<\/p>\n<p><strong>KREATIVNI TIM<\/strong><\/p>\n<p><strong>Autori i urednici<\/strong><\/p>\n<ul>\n<li>Miljan Salata<\/li>\n<li>Igor Mikiti\u0161in<\/li>\n<li>Nemanja Da\u010di\u0107<\/li>\n<li>Denis Turanovi\u0107<\/li>\n<\/ul>\n<p><strong>Voditelji<\/strong><\/p>\n<ul>\n<li>Miljan Salata<\/li>\n<li>Igor Mikiti\u0161in<\/li>\n<\/ul>\n<p><strong>Direktor fotografije<\/strong><\/p>\n<ul>\n<li>Nemanja Da\u010di\u0107<\/li>\n<\/ul>\n<p><strong>Vizuelni identitet<\/strong><\/p>\n<ul>\n<li>Denis Turanovi\u0107<\/li>\n<\/ul>\n<p><strong>Monta\u017ea i zvuk<\/strong><\/p>\n<ul>\n<li>Luka Juki\u0107<\/li>\n<\/ul>\n<p><strong>Social media content<\/strong><\/p>\n<ul>\n<li>Kristina Vukovi\u0107<\/li>\n<\/ul>\n<p><strong>Dru\u0161tvene mre\u017ee<\/strong><\/p>\n<p><a href=\"https:\/\/linktr.ee\/sfera_podcast\">https:\/\/linktr.ee\/sfera_podcast<\/a><\/p>\n<p>&#8212;<\/p>\n<p>ZABRANJENO JE SVAKO KOPIRANJE I PREUZIMANJE, U DELOVIMA ILI U CELOSTI, BEZ ODOBRENJA AUTORA I PRODUKCIJE KOJA JE VLASNIK MATERIJALA.<\/p>\n<p>Podcast SFERA \ud83c\udf1a<\/p>","protected":false},"excerpt":{"rendered":"<p>Sponzori emisije Graphisoft &#8211; https:\/\/graphisoft.com\/ Grohe &#8211; https:\/\/www.grohe.rs\/sr_rs\/ Alumil &#8211; https:\/\/www.alumil.com\/serbia\/homeowners Partner Kaleidoskop Kulture https:\/\/kaleidoskopkulture.com\/en\/ &#8212; Kaleidoskop kulture je najbolji evropski trend brend u oblasti kulture koji je ove godine od 7. septembra do 15. oktobra u Novom Sadu po \u0161esti put okupio vi\u0161e od 1000 doma\u0107ih, regionalnih, evropskih i svetskih umetnika u obnovljenom Distriktu&#8230;<\/p>","protected":false},"author":3,"featured_media":69113,"comment_status":"close","ping_status":"closed","sticky":false,"template":"","format":"audio","meta":{"footnotes":""},"categories":[501],"tags":[],"class_list":["post-94605","post","type-post","status-publish","format-audio","has-post-thumbnail","hentry","category-sfera","post_format-post-format-audio"],"_links":{"self":[{"href":"https:\/\/podcast.rs\/en\/wp-json\/wp\/v2\/posts\/94605","targetHints":{"allow":["GET"]}}],"collection":[{"href":"https:\/\/podcast.rs\/en\/wp-json\/wp\/v2\/posts"}],"about":[{"href":"https:\/\/podcast.rs\/en\/wp-json\/wp\/v2\/types\/post"}],"author":[{"embeddable":true,"href":"https:\/\/podcast.rs\/en\/wp-json\/wp\/v2\/users\/3"}],"replies":[{"embeddable":true,"href":"https:\/\/podcast.rs\/en\/wp-json\/wp\/v2\/comments?post=94605"}],"version-history":[{"count":1,"href":"https:\/\/podcast.rs\/en\/wp-json\/wp\/v2\/posts\/94605\/revisions"}],"predecessor-version":[{"id":94606,"href":"https:\/\/podcast.rs\/en\/wp-json\/wp\/v2\/posts\/94605\/revisions\/94606"}],"wp:featuredmedia":[{"embeddable":true,"href":"https:\/\/podcast.rs\/en\/wp-json\/wp\/v2\/media\/69113"}],"wp:attachment":[{"href":"https:\/\/podcast.rs\/en\/wp-json\/wp\/v2\/media?parent=94605"}],"wp:term":[{"taxonomy":"category","embeddable":true,"href":"https:\/\/podcast.rs\/en\/wp-json\/wp\/v2\/categories?post=94605"},{"taxonomy":"post_tag","embeddable":true,"href":"https:\/\/podcast.rs\/en\/wp-json\/wp\/v2\/tags?post=94605"}],"curies":[{"name":"wp","href":"https:\/\/api.w.org\/{rel}","templated":true}]}}