{"id":94603,"date":"2023-11-18T14:01:46","date_gmt":"2023-11-18T13:01:46","guid":{"rendered":"https:\/\/podcast.rs\/?p=94603"},"modified":"2023-11-18T15:41:41","modified_gmt":"2023-11-18T13:41:41","slug":"duhovnost-u-projektovanju-arhitekta-vladislav-lalicki-podcast-sfera-ep-21","status":"publish","type":"post","link":"https:\/\/podcast.rs\/en\/duhovnost-u-projektovanju-arhitekta-vladislav-lalicki-podcast-sfera-ep-21\/","title":{"rendered":"DUHOVNOST U PROJEKTOVANJU | arhitekta Vladislav Lalicki | Podcast SFERA | EP 21"},"content":{"rendered":"<p><strong>Sponzori<\/strong><\/p>\n<ul>\n<li>Graphisoft &#8211; <a href=\"https:\/\/graphisoft.com\/\">https:\/\/graphisoft.com\/<\/a><\/li>\n<li>Grohe &#8211; <a href=\"https:\/\/www.grohe.rs\/sr_rs\/\">https:\/\/www.grohe.rs\/sr_rs\/<\/a><\/li>\n<li>Alumil &#8211; <a href=\"https:\/\/www.alumil.com\/serbia\/homeowners\">https:\/\/www.alumil.com\/serbia\/homeowners<\/a><\/li>\n<\/ul>\n<p>&#8212;<br \/>U ovoj epizodi razgovaramo o arhitektonskom projektovanju i projektantskom pozivu sa arhitektom iz prestonice, <strong>Vladislavom Lalickim<\/strong>, \u010diji je opus izuzetno raznovrstan i obuhvata projekte stambene arhitekture privatnih ku\u0107a i vi\u0161eporodi\u010dnog stanovanja, preko poslovnih objekata, objekata kulture pa sve do sakralnih objekata i saradnji sa SPC (Srpskom Pravoslavnom Crkvom).<\/p>\n<p><strong>Atelje Vladislav Lalicki (AVL)<\/strong> je arhitektonska radionica osnovana 2008. godine u Boogradu sa vi\u0161e od 30 realizovanih objekata u prestonici i \u0161ire. Elokvencija, stalo\u017eenost i smirenost su osobine koje odlikuju Vladu i njegov tim stoga smo dobar deo razgovora posvetili duhovnosti u projektovanju koje kvalitetan arhitekta mora da poseduje kako bi bio posve\u0107enik u potrazi prave istinite zamisli koja je sposobna da sva nastojanja, zahteve i uslovnosti sa\u017eme na jasan na\u010din i da autorski odgovor u obe sfere projektovanja \u2013 svetovnoj i sakralnoj arhitekturi.<\/p>\n<p>Ragovorali smo o vezi izme\u0111u pozori\u0161ta (scenografije) i arhitekture kroz rediteljsku ulogu ali i o religiji i bitnosti crkvene arhitekture u dana\u0161njem vremenu i svetu te da li se mo\u017ee na\u0107i smisao u projektantskom pozivu u Srbiji danas?<br \/>&#8212;<\/p>\n<p><strong>KREATIVNI TIM<\/strong><\/p>\n<p><strong>Autori i urednici<\/strong><\/p>\n<ul>\n<li>Miljan Salata<\/li>\n<li>Igor Mikiti\u0161in<\/li>\n<li>Nemanja Da\u010di\u0107<\/li>\n<li>Denis Turanovi\u0107<\/li>\n<\/ul>\n<p><strong>Voditelji<\/strong><\/p>\n<ul>\n<li>Igor Mikiti\u0161in i Nemanja Da\u010di\u0107<\/li>\n<\/ul>\n<p><strong>Direktor fotografije<\/strong><\/p>\n<ul>\n<li>Nemanja Da\u010di\u0107<\/li>\n<\/ul>\n<p><strong>Vizuelni identitet<\/strong><\/p>\n<ul>\n<li>Denis Turanovi\u0107<\/li>\n<\/ul>\n<p><strong>Monta\u017ea i zvuk<\/strong><\/p>\n<ul>\n<li>Luka Juki\u0107<\/li>\n<\/ul>\n<p><strong>Social media content<\/strong><\/p>\n<ul>\n<li>Kristina Vukovi\u0107<\/li>\n<\/ul>\n<p><strong>Dru\u0161tvene mre\u017ee<\/strong><\/p>\n<p><a href=\"https:\/\/linktr.ee\/sfera_podcast\">https:\/\/linktr.ee\/sfera_podcast<\/a><\/p>\n<p>&#8212;<\/p>\n<p>ZABRANJENO JE SVAKO KOPIRANJE I PREUZIMANJE, U DELOVIMA ILI U CELOSTI, BEZ ODOBRENJA AUTORA I PRODUKCIJE KOJA JE VLASNIK MATERIJALA.<\/p>\n<p>Podcast SFERA \ud83c\udf1a<\/p>","protected":false},"excerpt":{"rendered":"<p>Sponzori Graphisoft &#8211; https:\/\/graphisoft.com\/ Grohe &#8211; https:\/\/www.grohe.rs\/sr_rs\/ Alumil &#8211; https:\/\/www.alumil.com\/serbia\/homeowners &#8212;U ovoj epizodi razgovaramo o arhitektonskom projektovanju i projektantskom pozivu sa arhitektom iz prestonice, Vladislavom Lalickim, \u010diji je opus izuzetno raznovrstan i obuhvata projekte stambene arhitekture privatnih ku\u0107a i vi\u0161eporodi\u010dnog stanovanja, preko poslovnih objekata, objekata kulture pa sve do sakralnih objekata i saradnji sa SPC&#8230;<\/p>","protected":false},"author":3,"featured_media":69113,"comment_status":"close","ping_status":"closed","sticky":false,"template":"","format":"audio","meta":{"footnotes":""},"categories":[501],"tags":[],"class_list":["post-94603","post","type-post","status-publish","format-audio","has-post-thumbnail","hentry","category-sfera","post_format-post-format-audio"],"_links":{"self":[{"href":"https:\/\/podcast.rs\/en\/wp-json\/wp\/v2\/posts\/94603","targetHints":{"allow":["GET"]}}],"collection":[{"href":"https:\/\/podcast.rs\/en\/wp-json\/wp\/v2\/posts"}],"about":[{"href":"https:\/\/podcast.rs\/en\/wp-json\/wp\/v2\/types\/post"}],"author":[{"embeddable":true,"href":"https:\/\/podcast.rs\/en\/wp-json\/wp\/v2\/users\/3"}],"replies":[{"embeddable":true,"href":"https:\/\/podcast.rs\/en\/wp-json\/wp\/v2\/comments?post=94603"}],"version-history":[{"count":1,"href":"https:\/\/podcast.rs\/en\/wp-json\/wp\/v2\/posts\/94603\/revisions"}],"predecessor-version":[{"id":94604,"href":"https:\/\/podcast.rs\/en\/wp-json\/wp\/v2\/posts\/94603\/revisions\/94604"}],"wp:featuredmedia":[{"embeddable":true,"href":"https:\/\/podcast.rs\/en\/wp-json\/wp\/v2\/media\/69113"}],"wp:attachment":[{"href":"https:\/\/podcast.rs\/en\/wp-json\/wp\/v2\/media?parent=94603"}],"wp:term":[{"taxonomy":"category","embeddable":true,"href":"https:\/\/podcast.rs\/en\/wp-json\/wp\/v2\/categories?post=94603"},{"taxonomy":"post_tag","embeddable":true,"href":"https:\/\/podcast.rs\/en\/wp-json\/wp\/v2\/tags?post=94603"}],"curies":[{"name":"wp","href":"https:\/\/api.w.org\/{rel}","templated":true}]}}