{"id":94235,"date":"2023-11-14T19:00:47","date_gmt":"2023-11-14T18:00:47","guid":{"rendered":"https:\/\/podcast.rs\/?p=94235"},"modified":"2023-11-14T20:22:25","modified_gmt":"2023-11-14T18:22:25","slug":"njemacka-jos-vise-olaksala-dolazak-zdravstvenih-radnika","status":"publish","type":"post","link":"https:\/\/podcast.rs\/en\/njemacka-jos-vise-olaksala-dolazak-zdravstvenih-radnika\/","title":{"rendered":"Njema\u010dka jo\u0161 vi\u0161e olak\u0161ala dolazak zdravstvenih radnika"},"content":{"rendered":"<p>      Njema\u010dki zdravstveni sustav i dalje treba medicinske radnike &#8211; potra\u017enja ne jenjava. 2021. u Njema\u010dkoj je bilo zaposleno 100.000 zdravstvenih radnika iz regije zapadnog Balkana. Sada je i nizom zakona olak\u0161ano useljavanje i priznavanje diploma, posebno iz ove sfere. Novi useljenici \u0107e posebno profitirati od novog, reformiranog zakona, prenosi nam Aida Ko\u017ear. \u0160to je jo\u0161 novo, ali i za\u0161to medicinari iz regije i dalje odlaze u Njema\u010dku? Razgovaramo s lije\u010dnicima, bra\u010dnim parom Mujdragi\u0107.<\/p>","protected":false},"excerpt":{"rendered":"<p>Njema\u010dki zdravstveni sustav i dalje treba medicinske radnike &#8211; potra\u017enja ne jenjava. 2021. u Njema\u010dkoj je bilo zaposleno 100.000 zdravstvenih radnika iz regije zapadnog Balkana. Sada je i nizom zakona olak\u0161ano useljavanje i priznavanje diploma, posebno iz ove sfere. Novi useljenici \u0107e posebno profitirati od novog, reformiranog zakona, prenosi nam Aida Ko\u017ear. \u0160to je jo\u0161&#8230;<\/p>","protected":false},"author":3,"featured_media":48737,"comment_status":"close","ping_status":"closed","sticky":false,"template":"","format":"audio","meta":{"footnotes":""},"categories":[183],"tags":[],"class_list":["post-94235","post","type-post","status-publish","format-audio","has-post-thumbnail","hentry","category-cosmo","post_format-post-format-audio"],"_links":{"self":[{"href":"https:\/\/podcast.rs\/en\/wp-json\/wp\/v2\/posts\/94235","targetHints":{"allow":["GET"]}}],"collection":[{"href":"https:\/\/podcast.rs\/en\/wp-json\/wp\/v2\/posts"}],"about":[{"href":"https:\/\/podcast.rs\/en\/wp-json\/wp\/v2\/types\/post"}],"author":[{"embeddable":true,"href":"https:\/\/podcast.rs\/en\/wp-json\/wp\/v2\/users\/3"}],"replies":[{"embeddable":true,"href":"https:\/\/podcast.rs\/en\/wp-json\/wp\/v2\/comments?post=94235"}],"version-history":[{"count":1,"href":"https:\/\/podcast.rs\/en\/wp-json\/wp\/v2\/posts\/94235\/revisions"}],"predecessor-version":[{"id":94236,"href":"https:\/\/podcast.rs\/en\/wp-json\/wp\/v2\/posts\/94235\/revisions\/94236"}],"wp:featuredmedia":[{"embeddable":true,"href":"https:\/\/podcast.rs\/en\/wp-json\/wp\/v2\/media\/48737"}],"wp:attachment":[{"href":"https:\/\/podcast.rs\/en\/wp-json\/wp\/v2\/media?parent=94235"}],"wp:term":[{"taxonomy":"category","embeddable":true,"href":"https:\/\/podcast.rs\/en\/wp-json\/wp\/v2\/categories?post=94235"},{"taxonomy":"post_tag","embeddable":true,"href":"https:\/\/podcast.rs\/en\/wp-json\/wp\/v2\/tags?post=94235"}],"curies":[{"name":"wp","href":"https:\/\/api.w.org\/{rel}","templated":true}]}}