{"id":93945,"date":"2023-11-07T17:15:08","date_gmt":"2023-11-07T16:15:08","guid":{"rendered":"https:\/\/podcast.rs\/?p=93945"},"modified":"2023-11-07T18:23:36","modified_gmt":"2023-11-07T16:23:36","slug":"njemacka-pakt-o-smanjenju-broja-izbjeglica","status":"publish","type":"post","link":"https:\/\/podcast.rs\/en\/njemacka-pakt-o-smanjenju-broja-izbjeglica\/","title":{"rendered":"Njema\u010dka: pakt o smanjenju broja izbjeglica"},"content":{"rendered":"<p>      U utorak, malo prije 3 ujutro, u uredu kancelara zavr\u0161en je summit o migracijama. &#8222;Na\u0161 zajedni\u010dki cilj je suzbiti neregularnu migraciju&#8220;, rekao je njema\u010dki kancelar Olaf Scholz. Maja Mari\u0107 i Filip Slavkovi\u0107 \u0107e nas provesti kroz ovaj sporazum i re\u0107i koje promjene su done\u0161ene i koja sve pitanja tra\u017ee odgovor. Osim toga, u gostima nam je i socijalna radnica iz Haana, Irena Steinjan koja radi s izbjeglicama, a i sama ima upravo takvu povijest dolaska u Njema\u010dku, prije 30 godina.<\/p>","protected":false},"excerpt":{"rendered":"<p>U utorak, malo prije 3 ujutro, u uredu kancelara zavr\u0161en je summit o migracijama. &#8222;Na\u0161 zajedni\u010dki cilj je suzbiti neregularnu migraciju&#8220;, rekao je njema\u010dki kancelar Olaf Scholz. Maja Mari\u0107 i Filip Slavkovi\u0107 \u0107e nas provesti kroz ovaj sporazum i re\u0107i koje promjene su done\u0161ene i koja sve pitanja tra\u017ee odgovor. Osim toga, u gostima nam&#8230;<\/p>","protected":false},"author":3,"featured_media":48737,"comment_status":"close","ping_status":"closed","sticky":false,"template":"","format":"audio","meta":{"footnotes":""},"categories":[183],"tags":[],"class_list":["post-93945","post","type-post","status-publish","format-audio","has-post-thumbnail","hentry","category-cosmo","post_format-post-format-audio"],"_links":{"self":[{"href":"https:\/\/podcast.rs\/en\/wp-json\/wp\/v2\/posts\/93945","targetHints":{"allow":["GET"]}}],"collection":[{"href":"https:\/\/podcast.rs\/en\/wp-json\/wp\/v2\/posts"}],"about":[{"href":"https:\/\/podcast.rs\/en\/wp-json\/wp\/v2\/types\/post"}],"author":[{"embeddable":true,"href":"https:\/\/podcast.rs\/en\/wp-json\/wp\/v2\/users\/3"}],"replies":[{"embeddable":true,"href":"https:\/\/podcast.rs\/en\/wp-json\/wp\/v2\/comments?post=93945"}],"version-history":[{"count":1,"href":"https:\/\/podcast.rs\/en\/wp-json\/wp\/v2\/posts\/93945\/revisions"}],"predecessor-version":[{"id":93946,"href":"https:\/\/podcast.rs\/en\/wp-json\/wp\/v2\/posts\/93945\/revisions\/93946"}],"wp:featuredmedia":[{"embeddable":true,"href":"https:\/\/podcast.rs\/en\/wp-json\/wp\/v2\/media\/48737"}],"wp:attachment":[{"href":"https:\/\/podcast.rs\/en\/wp-json\/wp\/v2\/media?parent=93945"}],"wp:term":[{"taxonomy":"category","embeddable":true,"href":"https:\/\/podcast.rs\/en\/wp-json\/wp\/v2\/categories?post=93945"},{"taxonomy":"post_tag","embeddable":true,"href":"https:\/\/podcast.rs\/en\/wp-json\/wp\/v2\/tags?post=93945"}],"curies":[{"name":"wp","href":"https:\/\/api.w.org\/{rel}","templated":true}]}}