{"id":93923,"date":"2023-11-06T20:00:00","date_gmt":"2023-11-06T19:00:00","guid":{"rendered":"https:\/\/podcast.rs\/?p=93923"},"modified":"2023-11-06T21:40:35","modified_gmt":"2023-11-06T19:40:35","slug":"21-autorska-prava-u-fotografiji-kako-se-zastititi-od-kradje-dusan-kovacevic-halogenid-podcast","status":"publish","type":"post","link":"https:\/\/podcast.rs\/en\/21-autorska-prava-u-fotografiji-kako-se-zastititi-od-kradje-dusan-kovacevic-halogenid-podcast\/","title":{"rendered":"#21 Autorska prava u fotografiji &#8211; kako se za\u0161tititi od kra\u0111e? | Du\u0161an Kova\u010devi\u0107 | Halogenid Podcast"},"content":{"rendered":"<p>Moj dana\u0161nji gost je <strong>Du\u0161an Kova\u010devi\u0107<\/strong>, i ne, on nije fotograf. Zbog toga \u0107e ova epizoda biti druga\u010dija od ostalih ali ne i manje bitna. On je <strong>advokat<\/strong> i <strong>bavi se autorskim pravom<\/strong> koje je nama fotografima, najvi\u0161e va\u017eno.<\/p>\n<p>Svi sa ovom temom kuburimo i nije nam ba\u0161 najjasnije koja su na\u0161a prava kada pri\u010damo o na\u0161im fotografijama i nama kao autorima istih. U ovoj epizodi \u0107emo videti koja prava mo\u017eemo da prenesemo na klijenta, a koja ne. Kakve su to obaveze klijenta, kakve vrste ugovora i dogovora postoje i da li je prihva\u0107ena ponuda zapravo neka vrsta ugovora. Pri\u010dali smo i o celom pravnom postpuku, kako on izgleda, koliko traje ali i koliku materijalnu nadoknadu mo\u017eemo o\u010dekivati za kr\u0161enje na\u0161eg autorskog prava. Verujem da \u0107e vam ova epizoda biti vrlo korisna, jer smo njom, svi mi dobili skoro 2 sata vrlo vrednog pravnog savetovanja.<\/p>\n<p>U\u017eivajte!<\/p>\n<p>_____________________________________________<\/p>\n<p>\ud83c\udf1f <strong>Ovu epizodu su podr\u017eale na\u0161e kolege iz studija Porodi\u010dna fotografija.<\/strong><\/p>\n<p>\u2139\ufe0f Vi\u0161e o njihovim radionicama i ponudi mo\u017eete prona\u0107i na:<\/p>\n<blockquote class=\"wp-embedded-content\" data-secret=\"B2Oe2fnwzd\"><p><a href=\"https:\/\/porodicnafotografija.com\/\">Home<\/a><\/p><\/blockquote>\n<p><iframe class=\"wp-embedded-content\" sandbox=\"allow-scripts\" security=\"restricted\" style=\"position: absolute; clip: rect(1px, 1px, 1px, 1px);\" title=\"&#8220;Home&#8221; &#8212; Porodi\u010dna Fotografija\" src=\"https:\/\/porodicnafotografija.com\/embed\/#?secret=jRa56P8kjh#?secret=B2Oe2fnwzd\" data-secret=\"B2Oe2fnwzd\" width=\"600\" height=\"338\" frameborder=\"0\" marginwidth=\"0\" marginheight=\"0\" scrolling=\"no\"><\/iframe><\/p>\n<p>https:\/\/www.instagram.com\/porodicna.fotografija<\/p>\n<p>https:\/\/www.instagram.com\/fotograf.radomirajdukovic\/<br \/>\n_____________________________________________<\/p>\n<p>\ud83d\udd57 <strong>Nova epizoda svakog drugog ponedeljka u mesecu u 20h!<\/strong><\/p>\n<p>_____________________________________________<\/p>\n<p>\ud83d\udcf8\ud83d\ude4b\ud83c\udffb\u200d\u2642\ufe0f Autor podcasta: Andrej Mihailovi\u0107 www.instagram.com\/andrejd3x<\/p>\n<p>\ud83d\udcf8 Instagram profil Halogenid Podcasta https:\/\/www.instagram.com\/halogenid.podcast<\/p>\n<p><\/p>\n<p>\ud83d\ude4b\ud83c\udffb\u200d\u2642\ufe0fGost:Du\u0161an Kova\u010devi\u0107<\/p>\n<p>Kontakt mejl: dusanbkovacevic@gmail.com\n<\/p>\n<p>\ud83d\udc4f\ud83c\udffc Tim:<\/p>\n<p>\ud83c\udfe0 Studio: https:\/\/www.instagram.com\/studio_d3x<\/p>\n<p>\ud83c\udfa5 Za kamerama: Jovan Krsti\u0107 https:\/\/www.instagram.com\/johanca___<\/p>\n<p>\ud83c\udfa4 Zvuk: Mateja Mihailovi\u0107<\/p>\n<p>\ud83c\udf9e\ufe0f Monta\u017ea: Nikola Egeri\u0107 https:\/\/www.instagram.com\/egac_fakk<\/p>\n<p>\ud83c\udfa8 Thumbnail dizajn: Igor \u0106uk https:\/\/www.instagram.com\/igorcuk97<\/p>\n<p>\ud83d\udc69\ud83c\udffb\u200d\ud83d\udcbb Animacija: Tamara Jeleni\u0107 https:\/\/www.instagram.com\/t.am.ara<\/p>\n<p>\ud83d\udd8c\ufe0fLogo dizajn: Tea Terzi\u0107 https:\/\/www.instagram.com\/tea_terzic_<\/p>","protected":false},"excerpt":{"rendered":"<p>Moj dana\u0161nji gost je Du\u0161an Kova\u010devi\u0107, i ne, on nije fotograf. Zbog toga \u0107e ova epizoda biti druga\u010dija od ostalih ali ne i manje bitna. On je advokat i bavi se autorskim pravom koje je nama fotografima, najvi\u0161e va\u017eno. Svi sa ovom temom kuburimo i nije nam ba\u0161 najjasnije koja su na\u0161a prava kada pri\u010damo&#8230;<\/p>","protected":false},"author":3,"featured_media":68722,"comment_status":"close","ping_status":"closed","sticky":false,"template":"","format":"audio","meta":{"footnotes":""},"categories":[500],"tags":[],"class_list":["post-93923","post","type-post","status-publish","format-audio","has-post-thumbnail","hentry","category-halogenid-podcast","post_format-post-format-audio"],"_links":{"self":[{"href":"https:\/\/podcast.rs\/en\/wp-json\/wp\/v2\/posts\/93923","targetHints":{"allow":["GET"]}}],"collection":[{"href":"https:\/\/podcast.rs\/en\/wp-json\/wp\/v2\/posts"}],"about":[{"href":"https:\/\/podcast.rs\/en\/wp-json\/wp\/v2\/types\/post"}],"author":[{"embeddable":true,"href":"https:\/\/podcast.rs\/en\/wp-json\/wp\/v2\/users\/3"}],"replies":[{"embeddable":true,"href":"https:\/\/podcast.rs\/en\/wp-json\/wp\/v2\/comments?post=93923"}],"version-history":[{"count":1,"href":"https:\/\/podcast.rs\/en\/wp-json\/wp\/v2\/posts\/93923\/revisions"}],"predecessor-version":[{"id":93924,"href":"https:\/\/podcast.rs\/en\/wp-json\/wp\/v2\/posts\/93923\/revisions\/93924"}],"wp:featuredmedia":[{"embeddable":true,"href":"https:\/\/podcast.rs\/en\/wp-json\/wp\/v2\/media\/68722"}],"wp:attachment":[{"href":"https:\/\/podcast.rs\/en\/wp-json\/wp\/v2\/media?parent=93923"}],"wp:term":[{"taxonomy":"category","embeddable":true,"href":"https:\/\/podcast.rs\/en\/wp-json\/wp\/v2\/categories?post=93923"},{"taxonomy":"post_tag","embeddable":true,"href":"https:\/\/podcast.rs\/en\/wp-json\/wp\/v2\/tags?post=93923"}],"curies":[{"name":"wp","href":"https:\/\/api.w.org\/{rel}","templated":true}]}}