{"id":93921,"date":"2023-11-06T17:15:32","date_gmt":"2023-11-06T16:15:32","guid":{"rendered":"https:\/\/podcast.rs\/?p=93921"},"modified":"2023-11-06T20:23:03","modified_gmt":"2023-11-06T18:23:03","slug":"ostaje-li-crna-gora-na-prozapadnom-kursu","status":"publish","type":"post","link":"https:\/\/podcast.rs\/en\/ostaje-li-crna-gora-na-prozapadnom-kursu\/","title":{"rendered":"Ostaje li Crna Gora na prozapadnom kursu?"},"content":{"rendered":"<p>      Crna Gora je dobila novu Vladu i predsjednika parlamenta. Za premijera je izabran lider Pokreta Evropa sad, Milojko Spaji\u0107, dok je predsjednik parlamenta jedan od lidera proruske koalicije Za budu\u0107nost Crne Gore, koju \u010dine biv\u0161e \u010dlanice Demokratskog fronta (DF), Andrija Mandi\u0107. \u0160to to zna\u010di za budu\u0107nost Crne Gore, razgovaraju Maja Mari\u0107 i Vesna Rajkovi\u0107, dok politi\u010dka analiti\u010darka Daliborka Uljarevi\u0107 obja\u0161njava da li ovakvim rasporedom vlade Crna Gora gubi svoj prozapadni kurs.<\/p>","protected":false},"excerpt":{"rendered":"<p>Crna Gora je dobila novu Vladu i predsjednika parlamenta. Za premijera je izabran lider Pokreta Evropa sad, Milojko Spaji\u0107, dok je predsjednik parlamenta jedan od lidera proruske koalicije Za budu\u0107nost Crne Gore, koju \u010dine biv\u0161e \u010dlanice Demokratskog fronta (DF), Andrija Mandi\u0107. \u0160to to zna\u010di za budu\u0107nost Crne Gore, razgovaraju Maja Mari\u0107 i Vesna Rajkovi\u0107, dok&#8230;<\/p>","protected":false},"author":3,"featured_media":48737,"comment_status":"close","ping_status":"closed","sticky":false,"template":"","format":"audio","meta":{"footnotes":""},"categories":[183],"tags":[],"class_list":["post-93921","post","type-post","status-publish","format-audio","has-post-thumbnail","hentry","category-cosmo","post_format-post-format-audio"],"_links":{"self":[{"href":"https:\/\/podcast.rs\/en\/wp-json\/wp\/v2\/posts\/93921","targetHints":{"allow":["GET"]}}],"collection":[{"href":"https:\/\/podcast.rs\/en\/wp-json\/wp\/v2\/posts"}],"about":[{"href":"https:\/\/podcast.rs\/en\/wp-json\/wp\/v2\/types\/post"}],"author":[{"embeddable":true,"href":"https:\/\/podcast.rs\/en\/wp-json\/wp\/v2\/users\/3"}],"replies":[{"embeddable":true,"href":"https:\/\/podcast.rs\/en\/wp-json\/wp\/v2\/comments?post=93921"}],"version-history":[{"count":1,"href":"https:\/\/podcast.rs\/en\/wp-json\/wp\/v2\/posts\/93921\/revisions"}],"predecessor-version":[{"id":93922,"href":"https:\/\/podcast.rs\/en\/wp-json\/wp\/v2\/posts\/93921\/revisions\/93922"}],"wp:featuredmedia":[{"embeddable":true,"href":"https:\/\/podcast.rs\/en\/wp-json\/wp\/v2\/media\/48737"}],"wp:attachment":[{"href":"https:\/\/podcast.rs\/en\/wp-json\/wp\/v2\/media?parent=93921"}],"wp:term":[{"taxonomy":"category","embeddable":true,"href":"https:\/\/podcast.rs\/en\/wp-json\/wp\/v2\/categories?post=93921"},{"taxonomy":"post_tag","embeddable":true,"href":"https:\/\/podcast.rs\/en\/wp-json\/wp\/v2\/tags?post=93921"}],"curies":[{"name":"wp","href":"https:\/\/api.w.org\/{rel}","templated":true}]}}