{"id":93359,"date":"2023-11-01T13:12:00","date_gmt":"2023-11-01T12:12:00","guid":{"rendered":"https:\/\/podcast.rs\/?p=93359"},"modified":"2023-11-01T18:34:09","modified_gmt":"2023-11-01T16:34:09","slug":"mladi-se-ne-osecaju-bezbedno-u-srbiji","status":"publish","type":"post","link":"https:\/\/podcast.rs\/en\/mladi-se-ne-osecaju-bezbedno-u-srbiji\/","title":{"rendered":"Mladi se ne ose\u0107aju bezbedno u Srbiji"},"content":{"rendered":"<p>Jedna od osnovnih ljudskih potreba je potreba za sigurno\u0161\u0107u i bezbedno\u0161\u0107u. Taj ose\u0107aj nam daje stabilnost za druge aspekte \u017eivota i postavlja temelje zdravom rastu i razvoju. Izme\u0111u\u00a0tragedija u maju, ratova u svetu, nestabilnih politi\u010dkih odnosa, protesta na ulicama i femicida pitanje je koliko se mladi u Srbiji ose\u0107aju bezbedno i \u0161ta im donosi taj ose\u0107aj sigurnosti, odnosno nesigurnosti? Jedan od odgovora je nasilje.\u00a0<\/p>","protected":false},"excerpt":{"rendered":"<p>Jedna od osnovnih ljudskih potreba je potreba za sigurno\u0161\u0107u i bezbedno\u0161\u0107u. Taj ose\u0107aj nam daje stabilnost za druge aspekte \u017eivota i postavlja temelje zdravom rastu i razvoju. Izme\u0111u\u00a0tragedija u maju, ratova u svetu, nestabilnih politi\u010dkih odnosa, protesta na ulicama i femicida pitanje je koliko se mladi u Srbiji ose\u0107aju bezbedno i \u0161ta im donosi taj&#8230;<\/p>","protected":false},"author":3,"featured_media":54663,"comment_status":"close","ping_status":"closed","sticky":false,"template":"","format":"audio","meta":{"footnotes":""},"categories":[432],"tags":[],"class_list":["post-93359","post","type-post","status-publish","format-audio","has-post-thumbnail","hentry","category-u-kakvoj-zemlji-zelim-da-zivim","post_format-post-format-audio"],"_links":{"self":[{"href":"https:\/\/podcast.rs\/en\/wp-json\/wp\/v2\/posts\/93359","targetHints":{"allow":["GET"]}}],"collection":[{"href":"https:\/\/podcast.rs\/en\/wp-json\/wp\/v2\/posts"}],"about":[{"href":"https:\/\/podcast.rs\/en\/wp-json\/wp\/v2\/types\/post"}],"author":[{"embeddable":true,"href":"https:\/\/podcast.rs\/en\/wp-json\/wp\/v2\/users\/3"}],"replies":[{"embeddable":true,"href":"https:\/\/podcast.rs\/en\/wp-json\/wp\/v2\/comments?post=93359"}],"version-history":[{"count":1,"href":"https:\/\/podcast.rs\/en\/wp-json\/wp\/v2\/posts\/93359\/revisions"}],"predecessor-version":[{"id":93360,"href":"https:\/\/podcast.rs\/en\/wp-json\/wp\/v2\/posts\/93359\/revisions\/93360"}],"wp:featuredmedia":[{"embeddable":true,"href":"https:\/\/podcast.rs\/en\/wp-json\/wp\/v2\/media\/54663"}],"wp:attachment":[{"href":"https:\/\/podcast.rs\/en\/wp-json\/wp\/v2\/media?parent=93359"}],"wp:term":[{"taxonomy":"category","embeddable":true,"href":"https:\/\/podcast.rs\/en\/wp-json\/wp\/v2\/categories?post=93359"},{"taxonomy":"post_tag","embeddable":true,"href":"https:\/\/podcast.rs\/en\/wp-json\/wp\/v2\/tags?post=93359"}],"curies":[{"name":"wp","href":"https:\/\/api.w.org\/{rel}","templated":true}]}}