{"id":93290,"date":"2023-10-31T08:40:41","date_gmt":"2023-10-31T07:40:41","guid":{"rendered":"https:\/\/podcast.rs\/?p=93290"},"modified":"2023-10-31T10:44:55","modified_gmt":"2023-10-31T08:44:55","slug":"culture-is-the-cure-architecture-is-a-tool-alejandro-aravena-podcast-sfera-ep-19","status":"publish","type":"post","link":"https:\/\/podcast.rs\/en\/culture-is-the-cure-architecture-is-a-tool-alejandro-aravena-podcast-sfera-ep-19\/","title":{"rendered":"CULTURE IS THE CURE, ARCHITECTURE IS A TOOL | Alejandro Aravena | Podcast SFERA | EP 19"},"content":{"rendered":"<p><strong>Sponzori emisije<\/strong><\/p>\n<ul>\n<li>Graphisoft &#8211; <a href=\"https:\/\/www.youtube.com\/redirect?event=video_description&amp;redir_token=QUFFLUhqbDBIcUJaN1VJU05SeFN3UmlrRk91cjJoZkw3Z3xBQ3Jtc0tsVzhfbmNHekNEdmxlWTVLc2ZqcVNhcVBMMHFsN3dQV09WQW9aRVVFRzlLbGRZRlVwb01ZeDFBQ0hDTVhGS2c2TWtxRU9LdF9zX2JwWmpucE90ckwyQkJXa3E3YVhLeTZxUXViaG1PLUh5LWh2dF9iRQ&amp;q=https%3A%2F%2Fgraphisoft.com%2F&amp;v=_lHlxXoIOwU\">https:\/\/graphisoft.com\/<\/a><\/li>\n<li>Grohe &#8211; <a href=\"https:\/\/www.youtube.com\/redirect?event=video_description&amp;redir_token=QUFFLUhqazYzYVJNamJ4VmtHT3N6M1ZEa2twaElBdThrZ3xBQ3Jtc0ttZzB4V1dyeG1HbnZnaFY5a1BQaWFHajhNN3J0eE0zSHczZkZBVS1tWjBWRlJ5NlVycmg0NW1NTFBvX2NaWlRRVjhfRG9KMXNuU3hraDZZalgzcDJ0cTJxNktSX1NxbWFCekN4VHNDS2tyOXI5bmZoUQ&amp;q=https%3A%2F%2Fwww.grohe.rs%2Fsr_rs%2F&amp;v=_lHlxXoIOwU\">https:\/\/www.grohe.rs\/sr_rs\/<\/a><\/li>\n<li>Alumil &#8211; <a href=\"https:\/\/www.youtube.com\/redirect?event=video_description&amp;redir_token=QUFFLUhqbEc2dVhoWlRxWWd2VXJ0VUZOVzItSVZpLTc5Z3xBQ3Jtc0ttbU10UEtUNEVIWmhOakRLZ3N5Um9Ra1otczR5LVRNTEJsN3hnbVE5VERyZ202emxzZlNuRGhNY1dOZTJBVlNFUFU0aU42bVEzLWtSd0tiSC1teGx2cmNyY0ozZTNOdzVJZ2VNSXdVLTVPTEItckVlMA&amp;q=https%3A%2F%2Fwww.alumil.com%2Fserbia%2Fhomeowners&amp;v=_lHlxXoIOwU\">https:\/\/www.alumil.com\/serbia\/homeowners<\/a><\/li>\n<\/ul>\n<p><\/p>\n<p><strong>Partner<\/strong><\/p>\n<ul>\n<li>Kaleidoskop Kulture <a href=\"https:\/\/www.youtube.com\/redirect?event=video_description&amp;redir_token=QUFFLUhqbjIyeG9ETlNTeWVRTE5Yem83bjd4TGtfeEZld3xBQ3Jtc0ttZDZfRl9rR1NfczMyRUtMMDI5OHlZMDlmUnNLZ3BLVlhXTzVsQ3ZIb2pxTk9zT1luTEVTdHJEa0IxTl9mUjc0YUpEMFZxX3FqYmR1QTlWRUJKMHhWbmhJaTFEZVFLLWZLNml4bTh1N1N6NzRWZmNXYw&amp;q=https%3A%2F%2Fkaleidoskopkulture.com%2Fen%2F&amp;v=5_CBQp-2Uso\">https:\/\/kaleidoskopkulture.com\/en\/<\/a><\/li>\n<\/ul>\n<p><\/p>\n<p>Fotografije iz Veliki Rita, Novi Sad: Monika Bilbija Ponjavi\u0107, Creative Director of Kaleidoskop Kulture<\/p>\n<p>&#8212;<\/p>\n<p>Najnovija, 19. epizoda <strong>Sfera Podkasta<\/strong>, snimljena je u <strong>Kulturnom distriktu<\/strong> u Novom Sadu, nekoliko sati pre po\u010detka jednog od najpose\u0107enijih arhitektonskih doga\u0111aja u 2023. godini, u sklopu 6. <strong>Kaleidoskopa kulture<\/strong>.<\/p>\n<p>Tim povodom, imali smo \u010dast da dokumentujemo razgovor sa \u010dileanskim arhitektom <strong>Alehandrom Aravenom<\/strong>. Vizionar iza socijalno anga\u017eovane arhitektonske prakse pod nazivom <strong>ELEMENTAL<\/strong>, Aravena je poznat po inovativnim projektima koji kombinuju dizajn, odr\u017eivost i pa\u017eljivo razmatranje klju\u010dnih dru\u0161tvenih izazova u 21. veku.<\/p>\n<p>Njegova sposobnost da artikuli\u0161e arhitekturu kao sredstvo za pobolj\u0161anje \u017eivota manje privilegovanih zajednica prepoznata je kao izvanredna, te mu je zbog svojih doprinosa na polju arhitekture 2016. godine dodeljena presti\u017ena <strong>Prickerova nagrada<\/strong>. Od na\u0161eg sagovornika smo \u017eeleli da saznamo pre svega da li postoji ijedan kolektivni san koji bi bio relevantan za dana\u0161nje arhitekte \u0161irom sveta, i koji su to najva\u017eniji problemi i izazovi sa kojima se danas suo\u010davamo kao dru\u0161tvo.<\/p>\n<p>Jedna od glavnih tema svakako je bila i Aravenina poseta lokalnoj zajednici u Velikom Ritu i osvrt na njegovo prvo predavanje u okviru Kaleidoskopa kulture, na kojem se govorilo o odnosu izme\u0111u dr\u017eave, lokalnih zajednica i arhitekata.<\/p>\n<p><strong>&#8212;<\/strong><\/p>\n<p><strong>KREATIVNI TIM<\/strong><\/p>\n<p><strong>Autori i urednici<\/strong><\/p>\n<ul>\n<li>Miljan Salata<\/li>\n<li>Igor Mikiti\u0161in<\/li>\n<li>Nemanja Da\u010di\u0107<\/li>\n<li>Denis Turanovi\u0107<\/li>\n<\/ul>\n<p><strong>Voditelji<\/strong><\/p>\n<ul>\n<li>Miljan Salata<\/li>\n<li>Igor Mikiti\u0161in<\/li>\n<\/ul>\n<p><strong>Direktor fotografije<\/strong><\/p>\n<ul>\n<li>Nemanja Da\u010di\u0107<\/li>\n<\/ul>\n<p><strong>Vizuelni identitet<\/strong><\/p>\n<ul>\n<li>Denis Turanovi\u0107<\/li>\n<\/ul>\n<p><strong>Monta\u017ea i zvuk<\/strong><\/p>\n<ul>\n<li>Luka Juki\u0107<\/li>\n<\/ul>\n<p><strong>Social media content<\/strong><\/p>\n<ul>\n<li>Kristina Vukovi\u0107<\/li>\n<\/ul>\n<p><strong>Dru\u0161tvene mre\u017ee<\/strong><\/p>\n<p><a href=\"https:\/\/linktr.ee\/sfera_podcast\">https:\/\/linktr.ee\/sfera_podcast<\/a><\/p>\n<p>&#8212;<\/p>\n<p>ZABRANJENO JE SVAKO KOPIRANJE I PREUZIMANJE, U DELOVIMA ILI U CELOSTI, BEZ ODOBRENJA AUTORA I PRODUKCIJE KOJA JE VLASNIK MATERIJALA.<\/p>\n<p>Podcast SFERA \ud83c\udf1a<\/p>","protected":false},"excerpt":{"rendered":"<p>Sponzori emisije Graphisoft &#8211; https:\/\/graphisoft.com\/ Grohe &#8211; https:\/\/www.grohe.rs\/sr_rs\/ Alumil &#8211; https:\/\/www.alumil.com\/serbia\/homeowners Partner Kaleidoskop Kulture https:\/\/kaleidoskopkulture.com\/en\/ Fotografije iz Veliki Rita, Novi Sad: Monika Bilbija Ponjavi\u0107, Creative Director of Kaleidoskop Kulture &#8212; Najnovija, 19. epizoda Sfera Podkasta, snimljena je u Kulturnom distriktu u Novom Sadu, nekoliko sati pre po\u010detka jednog od najpose\u0107enijih arhitektonskih doga\u0111aja u 2023. godini,&#8230;<\/p>","protected":false},"author":3,"featured_media":69113,"comment_status":"close","ping_status":"closed","sticky":false,"template":"","format":"audio","meta":{"footnotes":""},"categories":[501],"tags":[],"class_list":["post-93290","post","type-post","status-publish","format-audio","has-post-thumbnail","hentry","category-sfera","post_format-post-format-audio"],"_links":{"self":[{"href":"https:\/\/podcast.rs\/en\/wp-json\/wp\/v2\/posts\/93290","targetHints":{"allow":["GET"]}}],"collection":[{"href":"https:\/\/podcast.rs\/en\/wp-json\/wp\/v2\/posts"}],"about":[{"href":"https:\/\/podcast.rs\/en\/wp-json\/wp\/v2\/types\/post"}],"author":[{"embeddable":true,"href":"https:\/\/podcast.rs\/en\/wp-json\/wp\/v2\/users\/3"}],"replies":[{"embeddable":true,"href":"https:\/\/podcast.rs\/en\/wp-json\/wp\/v2\/comments?post=93290"}],"version-history":[{"count":1,"href":"https:\/\/podcast.rs\/en\/wp-json\/wp\/v2\/posts\/93290\/revisions"}],"predecessor-version":[{"id":93291,"href":"https:\/\/podcast.rs\/en\/wp-json\/wp\/v2\/posts\/93290\/revisions\/93291"}],"wp:featuredmedia":[{"embeddable":true,"href":"https:\/\/podcast.rs\/en\/wp-json\/wp\/v2\/media\/69113"}],"wp:attachment":[{"href":"https:\/\/podcast.rs\/en\/wp-json\/wp\/v2\/media?parent=93290"}],"wp:term":[{"taxonomy":"category","embeddable":true,"href":"https:\/\/podcast.rs\/en\/wp-json\/wp\/v2\/categories?post=93290"},{"taxonomy":"post_tag","embeddable":true,"href":"https:\/\/podcast.rs\/en\/wp-json\/wp\/v2\/tags?post=93290"}],"curies":[{"name":"wp","href":"https:\/\/api.w.org\/{rel}","templated":true}]}}