{"id":92532,"date":"2023-10-25T17:30:39","date_gmt":"2023-10-25T15:30:39","guid":{"rendered":"https:\/\/podcast.rs\/?p=92532"},"modified":"2023-10-25T18:23:36","modified_gmt":"2023-10-25T16:23:36","slug":"100-godina-radi-radio-u-njemackoj","status":"publish","type":"post","link":"https:\/\/podcast.rs\/en\/100-godina-radi-radio-u-njemackoj\/","title":{"rendered":"100 godina radi radio u Njema\u010dkoj"},"content":{"rendered":"<p>      Jeste li danas slu\u0161ali radio? Ovih dana Njema\u010dka, uskoro i velik dio Europe i svijeta, obilje\u017eava 100 godi\u0161njicu po\u010detka emitiranja radio programa. Medij kojem su ve\u0107 mnogi predvi\u0111ali kraj i dalje u\u017eiva popularnost. Koja je tajna radija, za\u0161to ovaj medij odupire konkurenciji i koja je njegova budu\u0107nost? Nenad Kreizer razgovara s Vojom \u0160iljkom, legendom radija na jugoistoku Europe. Od Maje Mari\u0107 saznajemo vi\u0161e o povijesti starog dobrog radija u zemlji gdje se upravo slavi njegova 100 obljetnica.<\/p>","protected":false},"excerpt":{"rendered":"<p>Jeste li danas slu\u0161ali radio? Ovih dana Njema\u010dka, uskoro i velik dio Europe i svijeta, obilje\u017eava 100 godi\u0161njicu po\u010detka emitiranja radio programa. Medij kojem su ve\u0107 mnogi predvi\u0111ali kraj i dalje u\u017eiva popularnost. Koja je tajna radija, za\u0161to ovaj medij odupire konkurenciji i koja je njegova budu\u0107nost? Nenad Kreizer razgovara s Vojom \u0160iljkom, legendom radija&#8230;<\/p>","protected":false},"author":3,"featured_media":48737,"comment_status":"close","ping_status":"closed","sticky":false,"template":"","format":"audio","meta":{"footnotes":""},"categories":[183],"tags":[],"class_list":["post-92532","post","type-post","status-publish","format-audio","has-post-thumbnail","hentry","category-cosmo","post_format-post-format-audio"],"_links":{"self":[{"href":"https:\/\/podcast.rs\/en\/wp-json\/wp\/v2\/posts\/92532","targetHints":{"allow":["GET"]}}],"collection":[{"href":"https:\/\/podcast.rs\/en\/wp-json\/wp\/v2\/posts"}],"about":[{"href":"https:\/\/podcast.rs\/en\/wp-json\/wp\/v2\/types\/post"}],"author":[{"embeddable":true,"href":"https:\/\/podcast.rs\/en\/wp-json\/wp\/v2\/users\/3"}],"replies":[{"embeddable":true,"href":"https:\/\/podcast.rs\/en\/wp-json\/wp\/v2\/comments?post=92532"}],"version-history":[{"count":1,"href":"https:\/\/podcast.rs\/en\/wp-json\/wp\/v2\/posts\/92532\/revisions"}],"predecessor-version":[{"id":92533,"href":"https:\/\/podcast.rs\/en\/wp-json\/wp\/v2\/posts\/92532\/revisions\/92533"}],"wp:featuredmedia":[{"embeddable":true,"href":"https:\/\/podcast.rs\/en\/wp-json\/wp\/v2\/media\/48737"}],"wp:attachment":[{"href":"https:\/\/podcast.rs\/en\/wp-json\/wp\/v2\/media?parent=92532"}],"wp:term":[{"taxonomy":"category","embeddable":true,"href":"https:\/\/podcast.rs\/en\/wp-json\/wp\/v2\/categories?post=92532"},{"taxonomy":"post_tag","embeddable":true,"href":"https:\/\/podcast.rs\/en\/wp-json\/wp\/v2\/tags?post=92532"}],"curies":[{"name":"wp","href":"https:\/\/api.w.org\/{rel}","templated":true}]}}