{"id":91947,"date":"2023-10-21T12:45:49","date_gmt":"2023-10-21T10:45:49","guid":{"rendered":"https:\/\/podcast.rs\/?p=91947"},"modified":"2023-10-21T13:41:34","modified_gmt":"2023-10-21T11:41:34","slug":"izmedju-prakse-i-fakulteta-grozdana-sisovic-ljiljana-djukanovic-maja-dragisic-sfera-ep-18","status":"publish","type":"post","link":"https:\/\/podcast.rs\/en\/izmedju-prakse-i-fakulteta-grozdana-sisovic-ljiljana-djukanovic-maja-dragisic-sfera-ep-18\/","title":{"rendered":"IZME\u0110U PRAKSE I FAKULTETA | Grozdana \u0160i\u0161ovi\u0107, Ljiljana \u0110ukanovi\u0107, Maja Dragi\u0161i\u0107 | SFERA | EP 18"},"content":{"rendered":"<p>\ud83e\udef6 Podr\u0161ka mese\u010dnim donacijama na <a href=\"https:\/\/www.patreon.com\/SferaPodcast\" target=\"_blank\" rel=\"noopener noreferer\"><strong>Patreonu<\/strong><\/a><strong><\/strong><\/p>\n<p>\ud83e\udef6 Podr\u0161ka jednokratnom donacijom <a href=\"https:\/\/www.paypal.com\/paypalme\/podcastsfera\" target=\"_blank\" rel=\"noopener noreferer\"><strong>PayPal<\/strong><\/a>\n<\/p>\n<p><strong>Sponzori<\/strong><\/p>\n<ul>\n<li>Graphisoft &#8211; <a href=\"https:\/\/graphisoft.com\/\">https:\/\/graphisoft.com\/<\/a><\/li>\n<li>Grohe &#8211; <a href=\"https:\/\/www.grohe.rs\/sr_rs\/\">https:\/\/www.grohe.rs\/sr_rs\/<\/a><\/li>\n<li>Alumil &#8211; <a href=\"https:\/\/www.alumil.com\/serbia\/homeowners\">https:\/\/www.alumil.com\/serbia\/homeowners<\/a><\/li>\n<\/ul>\n<p><\/p>\n<p>Ova emisija je u ne\u0161to druga\u010dijem maniru, jer se ne nalazimo u standardnom studijskom prostoru na koji ste navikli ve\u0107 u Nedelji sa arhitekturom na Arhitektonskom fakultetu u Beogradu, manifestaciji koja se odr\u017eava u prvoj nedelji nastavne godine i posve\u0107ena je osna\u017eivanju dru\u0161tvenih veza i unapre\u0111enju kvaliteta obrazovanja.<\/p>\n<p>Tim povodom Sfera podcast pozvan je od strane studenata i nastavnog osoblja kako bi zajedni\u010dkim snagama incirali seriju razgovora o profesionalnom anga\u017eovanju mladih arhitekata i poziciji arhitekture u na\u0161em dru\u0161tvu u celini. \u00a0Kako izgledaju prvi izazovi na prelasku iz fakulteta u praksu; da li smo nakon diplomiranja spremni za ono \u0161to nas \u010deka na prvom poslu; Da li je teoriju i praksu mogu\u0107e pomiriti u svakodnevnom projektantskom delovanju?<\/p>\n<p>&#8212;<\/p>\n<p>U \u017eelji da odgovorimo na pitanja studenata u Nedelji sa Arhitekturom na AF u Beogradu pomogle su nam dana\u0161nje sagovornice koje dolaze sa departmana za Arhitekturu, <strong>vanredna profesorka dr<\/strong> <strong>Grozdana \u0160i\u0161ovi\u0107, dr Maja Dragi\u0161i\u0107 docent<\/strong>, kao i vanredna profesorka <strong>dr Liljana \u0110ukanovi\u0107 <\/strong>sa Departmana za arhitektonske tehnologije. Pored akademskog rada Grozdana i Maja imaju i svoje privatne prakse, u\u010destvuju na brojnim arhitektonskim konkursima i upravo smo ih iz tog razloga pozvali kako bi smo diskutovali na temu pod nazivom \u201cIzme\u0111u akademije i prakse\u201d. <strong>Dr Liljana \u0110ukanovi\u0107<\/strong> svoja nau\u010dna interesovanja usmerava ka oblastima tehnologije gra\u0111enja (sa stanovi\u0161ta istorijskih i savremenih konstrukcija), energetske efikasnosti i unapre\u0111enja stambenog fonda u cilju pobolj\u0161anja uslova komfora.<\/p>\n<p>&#8212;<\/p>\n<p>U ovoj epizodi smo zajedno sa studentima i na\u0161im profesorima istra\u017eili svrhu i dru\u0161tvenu ulogu Arhitekte u dru\u0161tvu, njegovu nu\u017enost i prisustvo u javnoj Sferi kao i da li Arhitekta mo\u017ee da uti\u010de i menja dru\u0161tvo u kojem \u017eivimo?<\/p>\n<p>&#8212;<\/p>\n<p>Hvala Arhitektonskom fakultetu u Beogradu \u0161to nas je ugostio!<\/p>\n<p><a href=\"http:\/\/www.arh.bg.ac.rs\/\">http:\/\/www.arh.bg.ac.rs\/<\/a> &#8212;<\/p>\n<p><strong>KREATIVNI TIM<\/strong><\/p>\n<p><strong>Autori i urednici<\/strong><\/p>\n<ul>\n<li>Miljan Salata<\/li>\n<li>Igor Mikiti\u0161in<\/li>\n<li>Nemanja Da\u010di\u0107<\/li>\n<li>Denis Turanovi\u0107<\/li>\n<\/ul>\n<p>Voditelji<\/p>\n<ul>\n<li>Miljan Salata i Studenti Arhitektonskog fakulteta u Beogradu (Lana, Sofija, Matija)<\/li>\n<\/ul>\n<p><strong>Direktor fotografije<\/strong><\/p>\n<ul>\n<li>Nemanja Da\u010di\u0107<\/li>\n<\/ul>\n<p><strong>Vizuelni identitet<\/strong><\/p>\n<ul>\n<li>Denis Turanovi\u0107<\/li>\n<\/ul>\n<p>Monta\u017ea i zvuk<\/p>\n<ul>\n<li>Luka Juki\u0107<\/li>\n<\/ul>\n<p><strong>Social media content<\/strong><\/p>\n<ul>\n<li>Kristina Vukovi\u0107<\/li>\n<\/ul>\n<p><strong>Dru\u0161tvene mre\u017ee<\/strong><\/p>\n<p><a href=\"https:\/\/linktr.ee\/sfera_podcast\">https:\/\/linktr.ee\/sfera_podcast<\/a><\/p>\n<p>&#8212;<\/p>\n<p>ZABRANJENO JE SVAKO KOPIRANJE I PREUZIMANJE, U DELOVIMA ILI U CELOSTI, BEZ ODOBRENJA AUTORA I PRODUKCIJE KOJA JE VLASNIK MATERIJALA.<\/p>\n<p>Podcast SFERA \ud83c\udf1a<\/p>","protected":false},"excerpt":{"rendered":"<p>\ud83e\udef6 Podr\u0161ka mese\u010dnim donacijama na Patreonu \ud83e\udef6 Podr\u0161ka jednokratnom donacijom PayPal Sponzori Graphisoft &#8211; https:\/\/graphisoft.com\/ Grohe &#8211; https:\/\/www.grohe.rs\/sr_rs\/ Alumil &#8211; https:\/\/www.alumil.com\/serbia\/homeowners Ova emisija je u ne\u0161to druga\u010dijem maniru, jer se ne nalazimo u standardnom studijskom prostoru na koji ste navikli ve\u0107 u Nedelji sa arhitekturom na Arhitektonskom fakultetu u Beogradu, manifestaciji koja se odr\u017eava u&#8230;<\/p>","protected":false},"author":3,"featured_media":69113,"comment_status":"close","ping_status":"closed","sticky":false,"template":"","format":"audio","meta":{"footnotes":""},"categories":[501],"tags":[],"class_list":["post-91947","post","type-post","status-publish","format-audio","has-post-thumbnail","hentry","category-sfera","post_format-post-format-audio"],"_links":{"self":[{"href":"https:\/\/podcast.rs\/en\/wp-json\/wp\/v2\/posts\/91947","targetHints":{"allow":["GET"]}}],"collection":[{"href":"https:\/\/podcast.rs\/en\/wp-json\/wp\/v2\/posts"}],"about":[{"href":"https:\/\/podcast.rs\/en\/wp-json\/wp\/v2\/types\/post"}],"author":[{"embeddable":true,"href":"https:\/\/podcast.rs\/en\/wp-json\/wp\/v2\/users\/3"}],"replies":[{"embeddable":true,"href":"https:\/\/podcast.rs\/en\/wp-json\/wp\/v2\/comments?post=91947"}],"version-history":[{"count":1,"href":"https:\/\/podcast.rs\/en\/wp-json\/wp\/v2\/posts\/91947\/revisions"}],"predecessor-version":[{"id":91948,"href":"https:\/\/podcast.rs\/en\/wp-json\/wp\/v2\/posts\/91947\/revisions\/91948"}],"wp:featuredmedia":[{"embeddable":true,"href":"https:\/\/podcast.rs\/en\/wp-json\/wp\/v2\/media\/69113"}],"wp:attachment":[{"href":"https:\/\/podcast.rs\/en\/wp-json\/wp\/v2\/media?parent=91947"}],"wp:term":[{"taxonomy":"category","embeddable":true,"href":"https:\/\/podcast.rs\/en\/wp-json\/wp\/v2\/categories?post=91947"},{"taxonomy":"post_tag","embeddable":true,"href":"https:\/\/podcast.rs\/en\/wp-json\/wp\/v2\/tags?post=91947"}],"curies":[{"name":"wp","href":"https:\/\/api.w.org\/{rel}","templated":true}]}}