{"id":91944,"date":"2023-10-21T12:37:00","date_gmt":"2023-10-21T10:37:00","guid":{"rendered":"https:\/\/podcast.rs\/?p=91944"},"modified":"2023-10-21T13:11:43","modified_gmt":"2023-10-21T11:11:43","slug":"dnevna-soba-lana-i-bojan-gomila","status":"publish","type":"post","link":"https:\/\/podcast.rs\/en\/dnevna-soba-lana-i-bojan-gomila\/","title":{"rendered":"Dnevna soba: Lana i Bojan (Gomila)"},"content":{"rendered":"<p><span>Gotovo svakodnevno se de\u0161ava da se nekoliko muzi\u010dara udru\u017ei u razne sastave ili grupe, stvaraju\u0107i zajedni\u010dku muziku i nastupe. Za razliku od muzi\u010dara, ostali umetnici retko kada prave svoja formalna ili neformalna udru\u017eenja rade\u0107i na zajedni\u010dkim projektima ili izlo\u017ebama. Grupa mladih novosadskih umetnika osetila je potrebu da osnuje svoje udru\u017eenje, ne samo da bi realizovali jednu izlo\u017ebu, ve\u0107 sa idejom da se njihova saradnja nastavi i produbi uz uklju\u010divanje i drugih protagonista. Pod nazivom &#8222;Gomila&#8220;, ova grupa uskoro otvara svoju prvu samostalnu izlo\u017ebu u beogradskom KC Gradu. U na\u0161oj &#8222;Dnevnoj sobi&#8220; gostovali su\u00a0<\/span><span>Lana<\/span><span>\u00a0i\u00a0<\/span><span>Bojan<\/span><span>.<\/span><\/p>","protected":false},"excerpt":{"rendered":"<p>Gotovo svakodnevno se de\u0161ava da se nekoliko muzi\u010dara udru\u017ei u razne sastave ili grupe, stvaraju\u0107i zajedni\u010dku muziku i nastupe. Za razliku od muzi\u010dara, ostali umetnici retko kada prave svoja formalna ili neformalna udru\u017eenja rade\u0107i na zajedni\u010dkim projektima ili izlo\u017ebama. Grupa mladih novosadskih umetnika osetila je potrebu da osnuje svoje udru\u017eenje, ne samo da bi realizovali&#8230;<\/p>","protected":false},"author":3,"featured_media":54584,"comment_status":"close","ping_status":"closed","sticky":false,"template":"","format":"audio","meta":{"footnotes":""},"categories":[431],"tags":[],"class_list":["post-91944","post","type-post","status-publish","format-audio","has-post-thumbnail","hentry","category-dnevna-soba","post_format-post-format-audio"],"_links":{"self":[{"href":"https:\/\/podcast.rs\/en\/wp-json\/wp\/v2\/posts\/91944","targetHints":{"allow":["GET"]}}],"collection":[{"href":"https:\/\/podcast.rs\/en\/wp-json\/wp\/v2\/posts"}],"about":[{"href":"https:\/\/podcast.rs\/en\/wp-json\/wp\/v2\/types\/post"}],"author":[{"embeddable":true,"href":"https:\/\/podcast.rs\/en\/wp-json\/wp\/v2\/users\/3"}],"replies":[{"embeddable":true,"href":"https:\/\/podcast.rs\/en\/wp-json\/wp\/v2\/comments?post=91944"}],"version-history":[{"count":1,"href":"https:\/\/podcast.rs\/en\/wp-json\/wp\/v2\/posts\/91944\/revisions"}],"predecessor-version":[{"id":91945,"href":"https:\/\/podcast.rs\/en\/wp-json\/wp\/v2\/posts\/91944\/revisions\/91945"}],"wp:featuredmedia":[{"embeddable":true,"href":"https:\/\/podcast.rs\/en\/wp-json\/wp\/v2\/media\/54584"}],"wp:attachment":[{"href":"https:\/\/podcast.rs\/en\/wp-json\/wp\/v2\/media?parent=91944"}],"wp:term":[{"taxonomy":"category","embeddable":true,"href":"https:\/\/podcast.rs\/en\/wp-json\/wp\/v2\/categories?post=91944"},{"taxonomy":"post_tag","embeddable":true,"href":"https:\/\/podcast.rs\/en\/wp-json\/wp\/v2\/tags?post=91944"}],"curies":[{"name":"wp","href":"https:\/\/api.w.org\/{rel}","templated":true}]}}