{"id":91324,"date":"2023-10-16T17:30:12","date_gmt":"2023-10-16T15:30:12","guid":{"rendered":"https:\/\/podcast.rs\/?p=91324"},"modified":"2023-10-16T18:23:46","modified_gmt":"2023-10-16T16:23:46","slug":"novi-izbori-u-srbiji-vucic-pokleknuo-pod-pritiscima","status":"publish","type":"post","link":"https:\/\/podcast.rs\/en\/novi-izbori-u-srbiji-vucic-pokleknuo-pod-pritiscima\/","title":{"rendered":"Novi izbori u Srbiji &#8211; Vu\u010di\u0107 pokleknuo pod pritiscima?"},"content":{"rendered":"<p>      Srbijanski predsjednik Aleksandar Vu\u010di\u0107 najavljuje da \u0107e raspisati izbore za 17. decembar, samo tjedan dana nakon napada u Banjskoj na sjeveru Kosova. Dejan Bursa\u0107, politi\u010dki stru\u010dnjak, analizira \u0161to ovi izbori zna\u010de za Srbiju i kakav rasplet situacije se o\u010dekuje. Osim toga, danas se u Tirani, u Albaniji, odr\u017eava Samit Berlinskog procesa, a jedna od tema biti \u0107e i situacija u Srbiji. Sa Zorkom \u0110ukanovi\u0107, razgovaram o tome koju poruku Europa \u0161alje zemljama Zapadnog Balkana ovim samitom.<\/p>","protected":false},"excerpt":{"rendered":"<p>Srbijanski predsjednik Aleksandar Vu\u010di\u0107 najavljuje da \u0107e raspisati izbore za 17. decembar, samo tjedan dana nakon napada u Banjskoj na sjeveru Kosova. Dejan Bursa\u0107, politi\u010dki stru\u010dnjak, analizira \u0161to ovi izbori zna\u010de za Srbiju i kakav rasplet situacije se o\u010dekuje. Osim toga, danas se u Tirani, u Albaniji, odr\u017eava Samit Berlinskog procesa, a jedna od tema&#8230;<\/p>","protected":false},"author":3,"featured_media":48737,"comment_status":"close","ping_status":"closed","sticky":false,"template":"","format":"audio","meta":{"footnotes":""},"categories":[183],"tags":[],"class_list":["post-91324","post","type-post","status-publish","format-audio","has-post-thumbnail","hentry","category-cosmo","post_format-post-format-audio"],"_links":{"self":[{"href":"https:\/\/podcast.rs\/en\/wp-json\/wp\/v2\/posts\/91324","targetHints":{"allow":["GET"]}}],"collection":[{"href":"https:\/\/podcast.rs\/en\/wp-json\/wp\/v2\/posts"}],"about":[{"href":"https:\/\/podcast.rs\/en\/wp-json\/wp\/v2\/types\/post"}],"author":[{"embeddable":true,"href":"https:\/\/podcast.rs\/en\/wp-json\/wp\/v2\/users\/3"}],"replies":[{"embeddable":true,"href":"https:\/\/podcast.rs\/en\/wp-json\/wp\/v2\/comments?post=91324"}],"version-history":[{"count":1,"href":"https:\/\/podcast.rs\/en\/wp-json\/wp\/v2\/posts\/91324\/revisions"}],"predecessor-version":[{"id":91325,"href":"https:\/\/podcast.rs\/en\/wp-json\/wp\/v2\/posts\/91324\/revisions\/91325"}],"wp:featuredmedia":[{"embeddable":true,"href":"https:\/\/podcast.rs\/en\/wp-json\/wp\/v2\/media\/48737"}],"wp:attachment":[{"href":"https:\/\/podcast.rs\/en\/wp-json\/wp\/v2\/media?parent=91324"}],"wp:term":[{"taxonomy":"category","embeddable":true,"href":"https:\/\/podcast.rs\/en\/wp-json\/wp\/v2\/categories?post=91324"},{"taxonomy":"post_tag","embeddable":true,"href":"https:\/\/podcast.rs\/en\/wp-json\/wp\/v2\/tags?post=91324"}],"curies":[{"name":"wp","href":"https:\/\/api.w.org\/{rel}","templated":true}]}}