{"id":90408,"date":"2023-10-12T17:43:20","date_gmt":"2023-10-12T15:43:20","guid":{"rendered":"https:\/\/podcast.rs\/?p=90408"},"modified":"2023-10-12T18:23:17","modified_gmt":"2023-10-12T16:23:17","slug":"prva-korona-jesen-bez-mjera-zastite-sto-moramo-znati","status":"publish","type":"post","link":"https:\/\/podcast.rs\/en\/prva-korona-jesen-bez-mjera-zastite-sto-moramo-znati\/","title":{"rendered":"Prva &#8222;korona jesen&#8220; bez mjera za\u0161tite &#8211; \u0161to moramo znati?"},"content":{"rendered":"<p>      Virolozi ka\u017eu &#8211; virus je sada postao endemski, to jest: doma\u0107i. Puno je ljudi zara\u017eeno i cijepljeno, na\u0161a tijela poznaju uzro\u010dnika i nema razloga za paniku. S druge strane mnogi se vjerojatno pitaju kakva \u0107e biti hladna sezona? Bez ikakvih za\u0161titnih mjera! Trebamo li se pripremiti na pogor\u0161anje i kako se mo\u017eemo sami za\u0161tititi zna virolog Prof. Dr. Luka \u010ci\u010din-\u0160ain. Ima jo\u0161 savjeta, Nenad Kreizer istra\u017eio je tko ima pravo na cijepljenje, trebaju li nam i dalje maske i ku\u0107ni testovi u Njema\u010dkoj.<\/p>","protected":false},"excerpt":{"rendered":"<p>Virolozi ka\u017eu &#8211; virus je sada postao endemski, to jest: doma\u0107i. Puno je ljudi zara\u017eeno i cijepljeno, na\u0161a tijela poznaju uzro\u010dnika i nema razloga za paniku. S druge strane mnogi se vjerojatno pitaju kakva \u0107e biti hladna sezona? Bez ikakvih za\u0161titnih mjera! Trebamo li se pripremiti na pogor\u0161anje i kako se mo\u017eemo sami za\u0161tititi zna&#8230;<\/p>","protected":false},"author":3,"featured_media":48737,"comment_status":"close","ping_status":"closed","sticky":false,"template":"","format":"audio","meta":{"footnotes":""},"categories":[183],"tags":[],"class_list":["post-90408","post","type-post","status-publish","format-audio","has-post-thumbnail","hentry","category-cosmo","post_format-post-format-audio"],"_links":{"self":[{"href":"https:\/\/podcast.rs\/en\/wp-json\/wp\/v2\/posts\/90408","targetHints":{"allow":["GET"]}}],"collection":[{"href":"https:\/\/podcast.rs\/en\/wp-json\/wp\/v2\/posts"}],"about":[{"href":"https:\/\/podcast.rs\/en\/wp-json\/wp\/v2\/types\/post"}],"author":[{"embeddable":true,"href":"https:\/\/podcast.rs\/en\/wp-json\/wp\/v2\/users\/3"}],"replies":[{"embeddable":true,"href":"https:\/\/podcast.rs\/en\/wp-json\/wp\/v2\/comments?post=90408"}],"version-history":[{"count":1,"href":"https:\/\/podcast.rs\/en\/wp-json\/wp\/v2\/posts\/90408\/revisions"}],"predecessor-version":[{"id":90409,"href":"https:\/\/podcast.rs\/en\/wp-json\/wp\/v2\/posts\/90408\/revisions\/90409"}],"wp:featuredmedia":[{"embeddable":true,"href":"https:\/\/podcast.rs\/en\/wp-json\/wp\/v2\/media\/48737"}],"wp:attachment":[{"href":"https:\/\/podcast.rs\/en\/wp-json\/wp\/v2\/media?parent=90408"}],"wp:term":[{"taxonomy":"category","embeddable":true,"href":"https:\/\/podcast.rs\/en\/wp-json\/wp\/v2\/categories?post=90408"},{"taxonomy":"post_tag","embeddable":true,"href":"https:\/\/podcast.rs\/en\/wp-json\/wp\/v2\/tags?post=90408"}],"curies":[{"name":"wp","href":"https:\/\/api.w.org\/{rel}","templated":true}]}}