{"id":90212,"date":"2023-10-06T17:00:10","date_gmt":"2023-10-06T15:00:10","guid":{"rendered":"https:\/\/podcast.rs\/?p=90212"},"modified":"2023-10-06T18:23:38","modified_gmt":"2023-10-06T16:23:38","slug":"njeno-velicanstvo-amira-medunjanin-tvoj-korzo-petkom","status":"publish","type":"post","link":"https:\/\/podcast.rs\/en\/njeno-velicanstvo-amira-medunjanin-tvoj-korzo-petkom\/","title":{"rendered":"Njeno veli\u010danstvo Amira Medunjanin &#8211; Tvoj Korzo petkom"},"content":{"rendered":"<p>      Kraljica sevdaha, Amira Medunjanin, dolazi u Berlin. Uo\u010di koncerta u posebnom ambijentu, u razgovoru s Amirom Kamberom obja\u0161njava \u0161ta za nju zna\u010di muzika. Mo\u017ee li pjesma pomo\u0107i da se bolje sna\u0111emo u ratovima oskrnavljenoj globalnoj svakodnevici? Mo\u017ee &#8211; pod uvjetom da slu\u0161amo Amiru Medunjanin. Svra\u0107amo do Beograda i na\u0161eg reportera Uro\u0161a Milovanovi\u0107a koji je pripremio scenske novosti iz Srbije. Izvla\u010dimo muzi\u010dke novitete iz regije, izme\u0111u ostalog Podo\u010dnjake iz Hrvatske. Tvoj korzo &#8211; tvoja muzika.<\/p>","protected":false},"excerpt":{"rendered":"<p>Kraljica sevdaha, Amira Medunjanin, dolazi u Berlin. Uo\u010di koncerta u posebnom ambijentu, u razgovoru s Amirom Kamberom obja\u0161njava \u0161ta za nju zna\u010di muzika. Mo\u017ee li pjesma pomo\u0107i da se bolje sna\u0111emo u ratovima oskrnavljenoj globalnoj svakodnevici? Mo\u017ee &#8211; pod uvjetom da slu\u0161amo Amiru Medunjanin. Svra\u0107amo do Beograda i na\u0161eg reportera Uro\u0161a Milovanovi\u0107a koji je pripremio&#8230;<\/p>","protected":false},"author":3,"featured_media":48737,"comment_status":"close","ping_status":"closed","sticky":false,"template":"","format":"audio","meta":{"footnotes":""},"categories":[183],"tags":[],"class_list":["post-90212","post","type-post","status-publish","format-audio","has-post-thumbnail","hentry","category-cosmo","post_format-post-format-audio"],"_links":{"self":[{"href":"https:\/\/podcast.rs\/en\/wp-json\/wp\/v2\/posts\/90212","targetHints":{"allow":["GET"]}}],"collection":[{"href":"https:\/\/podcast.rs\/en\/wp-json\/wp\/v2\/posts"}],"about":[{"href":"https:\/\/podcast.rs\/en\/wp-json\/wp\/v2\/types\/post"}],"author":[{"embeddable":true,"href":"https:\/\/podcast.rs\/en\/wp-json\/wp\/v2\/users\/3"}],"replies":[{"embeddable":true,"href":"https:\/\/podcast.rs\/en\/wp-json\/wp\/v2\/comments?post=90212"}],"version-history":[{"count":1,"href":"https:\/\/podcast.rs\/en\/wp-json\/wp\/v2\/posts\/90212\/revisions"}],"predecessor-version":[{"id":90213,"href":"https:\/\/podcast.rs\/en\/wp-json\/wp\/v2\/posts\/90212\/revisions\/90213"}],"wp:featuredmedia":[{"embeddable":true,"href":"https:\/\/podcast.rs\/en\/wp-json\/wp\/v2\/media\/48737"}],"wp:attachment":[{"href":"https:\/\/podcast.rs\/en\/wp-json\/wp\/v2\/media?parent=90212"}],"wp:term":[{"taxonomy":"category","embeddable":true,"href":"https:\/\/podcast.rs\/en\/wp-json\/wp\/v2\/categories?post=90212"},{"taxonomy":"post_tag","embeddable":true,"href":"https:\/\/podcast.rs\/en\/wp-json\/wp\/v2\/tags?post=90212"}],"curies":[{"name":"wp","href":"https:\/\/api.w.org\/{rel}","templated":true}]}}