{"id":90124,"date":"2023-08-31T11:46:00","date_gmt":"2023-08-31T09:46:00","guid":{"rendered":"https:\/\/podcast.rs\/?p=90124"},"modified":"2023-10-05T14:16:46","modified_gmt":"2023-10-05T12:16:46","slug":"da-li-prekomerno-provodjenje-vremena-pred-ekranom-dovodi-do-digitalne-demencije","status":"publish","type":"post","link":"https:\/\/podcast.rs\/en\/da-li-prekomerno-provodjenje-vremena-pred-ekranom-dovodi-do-digitalne-demencije\/","title":{"rendered":"Da li prekomerno provo\u0111enje vremena pred ekranom dovodi do digitalne demencije?"},"content":{"rendered":"<p>\nRazvoj dru\u0161tvenih mre\u017ea datira nekoliko decenija unazad \u2013 me\u0111utim, period od 2010. godine do danas obele\u017een je ekspanzijom dru\u0161tvenih mre\u017ea i njihovim uticajem na na\u010dine na koje komuniciramo, delimo informacije i izra\u017eavamo se. Danas postoje stotine razli\u010ditih dru\u0161tvenih mre\u017ea koje se fokusiraju na razli\u010dite tipove sadr\u017eaja i ciljne grupe, ali ni\u0161ta manje \u2013 o dru\u0161tvenim mre\u017eama se sve vi\u0161e govori sa fenomenolo\u0161ke strane, a mnoge nau\u010dne grane poput medicine i psihologije trude se da daju obja\u0161njenje uticaja dru\u0161tvenih mre\u017ea na njihove krajnje korisnike, odnosno \u2013 nas same.<\/p>\n<p>Me\u0111utim, pojam koji je popularizovan 2012. godine i koji se koristi za opisivanje potencijalnih negativnih uticaja digitalne tehnologije na kognitivne sposobnosti ljudi, posebno na pam\u0107enje i pa\u017enju \u2013\u00a0<em>digitalna demencija<\/em>, u poslednje vreme opet dobija na va\u017enosti.<\/p>\n<\/p>\n<p>Autorka teksta: Sne\u017eana Katunac<br \/>\nIlustracije: Olga \u0110elo\u0161evi\u0107<\/p>\n<p>Tekst \u010ditali: Ivan Radisavljevi\u0107 i Sne\u017eana Katunac<\/p>\n<p>Tekst je dostupan na sajtu Oblakodera u rubrici Lift.<\/p>\n<p>Tekst je podr\u017ean od strane Evropske unije i nema\u010dkog Saveznog ministarstva za ekonomsku saradnju i razvoj. Stavovi izneti u podr\u017eanom medijskom projektu \u201eScroll&#8217;n&#8217;Share&#8220; Oblakoder magazina ne izra\u017eavaju stavove Evropske unije i nema\u010dkog Saveznog ministarstva za ekonomsku saradnju i razvoj.<\/p><\/p>","protected":false},"excerpt":{"rendered":"<p>Razvoj dru\u0161tvenih mre\u017ea datira nekoliko decenija unazad \u2013 me\u0111utim, period od 2010. godine do danas obele\u017een je ekspanzijom dru\u0161tvenih mre\u017ea i njihovim uticajem na na\u010dine na koje komuniciramo, delimo informacije i izra\u017eavamo se. Danas postoje stotine razli\u010ditih dru\u0161tvenih mre\u017ea koje se fokusiraju na razli\u010dite tipove sadr\u017eaja i ciljne grupe, ali ni\u0161ta manje \u2013 o dru\u0161tvenim&#8230;<\/p>","protected":false},"author":3,"featured_media":40145,"comment_status":"close","ping_status":"closed","sticky":false,"template":"","format":"audio","meta":{"footnotes":""},"categories":[303],"tags":[],"class_list":["post-90124","post","type-post","status-publish","format-audio","has-post-thumbnail","hentry","category-salon","post_format-post-format-audio"],"_links":{"self":[{"href":"https:\/\/podcast.rs\/en\/wp-json\/wp\/v2\/posts\/90124","targetHints":{"allow":["GET"]}}],"collection":[{"href":"https:\/\/podcast.rs\/en\/wp-json\/wp\/v2\/posts"}],"about":[{"href":"https:\/\/podcast.rs\/en\/wp-json\/wp\/v2\/types\/post"}],"author":[{"embeddable":true,"href":"https:\/\/podcast.rs\/en\/wp-json\/wp\/v2\/users\/3"}],"replies":[{"embeddable":true,"href":"https:\/\/podcast.rs\/en\/wp-json\/wp\/v2\/comments?post=90124"}],"version-history":[{"count":1,"href":"https:\/\/podcast.rs\/en\/wp-json\/wp\/v2\/posts\/90124\/revisions"}],"predecessor-version":[{"id":90125,"href":"https:\/\/podcast.rs\/en\/wp-json\/wp\/v2\/posts\/90124\/revisions\/90125"}],"wp:featuredmedia":[{"embeddable":true,"href":"https:\/\/podcast.rs\/en\/wp-json\/wp\/v2\/media\/40145"}],"wp:attachment":[{"href":"https:\/\/podcast.rs\/en\/wp-json\/wp\/v2\/media?parent=90124"}],"wp:term":[{"taxonomy":"category","embeddable":true,"href":"https:\/\/podcast.rs\/en\/wp-json\/wp\/v2\/categories?post=90124"},{"taxonomy":"post_tag","embeddable":true,"href":"https:\/\/podcast.rs\/en\/wp-json\/wp\/v2\/tags?post=90124"}],"curies":[{"name":"wp","href":"https:\/\/api.w.org\/{rel}","templated":true}]}}