{"id":90122,"date":"2023-09-13T12:07:00","date_gmt":"2023-09-13T10:07:00","guid":{"rendered":"https:\/\/podcast.rs\/?p=90122"},"modified":"2023-10-05T14:16:45","modified_gmt":"2023-10-05T12:16:45","slug":"kakva-je-pozicija-autorki-na-regionalnoj-knjizevnoj-sceni","status":"publish","type":"post","link":"https:\/\/podcast.rs\/en\/kakva-je-pozicija-autorki-na-regionalnoj-knjizevnoj-sceni\/","title":{"rendered":"Kakva je pozicija autorki na regionalnoj knji\u017eevnoj sceni?"},"content":{"rendered":"<p>\nVe\u0107 decenijama u dru\u0161tvenu svest je postalo usa\u0111eno da i \u017eene pi\u0161u, prevode, lektori\u0161u i kritikuju, te da ove aktivnosti podjednako obavljaju oba roda \u2013 kako mu\u0161karci, tako i \u017eene, iako nije oduvek bilo tako. <\/p>\n<p><\/p>\n<p>Kada govorimo o evropskom, ali i angloameri\u010dkom knji\u017eevnom prostoru, \u017eene se bave knji\u017eevnim radom i njegovim razli\u010ditim oblicima, bez straha da potpi\u0161u svoje ime i ne sakrivaju svoj identitet, sem ukoliko to ne \u010dine svesno i namerno. Ipak, kao i u mnogim drugim sferama, i na knji\u017eevnoj sceni, \u017eene i mu\u0161karci nisu u potpunosti ravnopravni. <\/p>\n<p><\/p>\n<p>Autorka teksta: Marija Todorovi\u0107<\/p>\n<p>Ilustracije: Olga \u0110elo\u0161evi\u0107<\/p>\n<p>Tekst \u010ditali: Ivan Radisavljevi\u0107 i Sne\u017eana Katunac<\/p>\n<p>Tekst je dostupan na sajtu Oblakodera u rubrici Lift.<\/p>\n<p>Tekst je podr\u017ean od strane Evropske unije i nema\u010dkog Saveznog ministarstva za ekonomsku saradnju i razvoj. Stavovi izneti u podr\u017eanom medijskom projektu \u201eScroll&#8217;n&#8217;Share&#8220; Oblakoder magazina ne izra\u017eavaju stavove Evropske unije i nema\u010dkog Saveznog ministarstva za ekonomsku saradnju i razvoj.<\/p><\/p>","protected":false},"excerpt":{"rendered":"<p>Ve\u0107 decenijama u dru\u0161tvenu svest je postalo usa\u0111eno da i \u017eene pi\u0161u, prevode, lektori\u0161u i kritikuju, te da ove aktivnosti podjednako obavljaju oba roda \u2013 kako mu\u0161karci, tako i \u017eene, iako nije oduvek bilo tako. Kada govorimo o evropskom, ali i angloameri\u010dkom knji\u017eevnom prostoru, \u017eene se bave knji\u017eevnim radom i njegovim razli\u010ditim oblicima, bez straha&#8230;<\/p>","protected":false},"author":3,"featured_media":40145,"comment_status":"close","ping_status":"closed","sticky":false,"template":"","format":"audio","meta":{"footnotes":""},"categories":[303],"tags":[],"class_list":["post-90122","post","type-post","status-publish","format-audio","has-post-thumbnail","hentry","category-salon","post_format-post-format-audio"],"_links":{"self":[{"href":"https:\/\/podcast.rs\/en\/wp-json\/wp\/v2\/posts\/90122","targetHints":{"allow":["GET"]}}],"collection":[{"href":"https:\/\/podcast.rs\/en\/wp-json\/wp\/v2\/posts"}],"about":[{"href":"https:\/\/podcast.rs\/en\/wp-json\/wp\/v2\/types\/post"}],"author":[{"embeddable":true,"href":"https:\/\/podcast.rs\/en\/wp-json\/wp\/v2\/users\/3"}],"replies":[{"embeddable":true,"href":"https:\/\/podcast.rs\/en\/wp-json\/wp\/v2\/comments?post=90122"}],"version-history":[{"count":1,"href":"https:\/\/podcast.rs\/en\/wp-json\/wp\/v2\/posts\/90122\/revisions"}],"predecessor-version":[{"id":90123,"href":"https:\/\/podcast.rs\/en\/wp-json\/wp\/v2\/posts\/90122\/revisions\/90123"}],"wp:featuredmedia":[{"embeddable":true,"href":"https:\/\/podcast.rs\/en\/wp-json\/wp\/v2\/media\/40145"}],"wp:attachment":[{"href":"https:\/\/podcast.rs\/en\/wp-json\/wp\/v2\/media?parent=90122"}],"wp:term":[{"taxonomy":"category","embeddable":true,"href":"https:\/\/podcast.rs\/en\/wp-json\/wp\/v2\/categories?post=90122"},{"taxonomy":"post_tag","embeddable":true,"href":"https:\/\/podcast.rs\/en\/wp-json\/wp\/v2\/tags?post=90122"}],"curies":[{"name":"wp","href":"https:\/\/api.w.org\/{rel}","templated":true}]}}