{"id":90024,"date":"2023-09-19T15:18:00","date_gmt":"2023-09-19T13:18:00","guid":{"rendered":"https:\/\/podcast.rs\/?p=90024"},"modified":"2023-10-04T16:15:25","modified_gmt":"2023-10-04T14:15:25","slug":"zakonski-okviri-i-femicid-voc-vazni-koraci-u-borbi-protiv-femicida","status":"publish","type":"post","link":"https:\/\/podcast.rs\/en\/zakonski-okviri-i-femicid-voc-vazni-koraci-u-borbi-protiv-femicida\/","title":{"rendered":"Zakonski okviri i femicid vo\u010d \u2013 va\u017eni koraci u borbi protiv femicida"},"content":{"rendered":"<p>\nPrva dva meseca 2023. godine ostala su upam\u0107ena po zastra\u0161uju\u0107im podacima koji su ukazivali na slede\u0107e: svake dve nedelje, u proseku, jednu \u017eenu u Srbiji ubije \u010dlan porodice, i to naj\u010de\u0161\u0107e u njenom domu. Od po\u010detka godine, u na\u0161oj zemlji je po\u010dinjeno najmanje 24 femicida, \u0161to govori o u\u010destalosti ovih slu\u010daja, tolikoj da pojedini stru\u010dnjaci koriste termin \u201eepidemija femicida\u201d kako bi ukazali na ovaj globalni problem koji, \u010dini se, sve vi\u0161e uzima maha.<\/p>\n<p>\nKoje su mere u prevenciji femicida potrebne kako bi zapravo rezultirale izostankom istog?\n<\/p>\n<p>Autorka teksta: Sne\u017eana Katunac<\/p>\n<p>Ilustracije: Olga \u0110elo\u0161evi\u0107<\/p>\n<p>Tekst \u010ditali: Ivan Radisavljevi\u0107 i Sne\u017eana Katunac<\/p>\n<p>Tekst je dostupan na sajtu Oblakodera u rubrici Lift.<\/p>\n<p>Tekst je podr\u017ean od strane Evropske unije i nema\u010dkog Saveznog ministarstva za ekonomsku saradnju i razvoj. Stavovi izneti u podr\u017eanom medijskom projektu \u201eScroll&#8217;n&#8217;Share&#8220; Oblakoder magazina ne izra\u017eavaju stavove Evropske unije i nema\u010dkog Saveznog ministarstva za ekonomsku saradnju i razvoj.<\/p><\/p>","protected":false},"excerpt":{"rendered":"<p>Prva dva meseca 2023. godine ostala su upam\u0107ena po zastra\u0161uju\u0107im podacima koji su ukazivali na slede\u0107e: svake dve nedelje, u proseku, jednu \u017eenu u Srbiji ubije \u010dlan porodice, i to naj\u010de\u0161\u0107e u njenom domu. Od po\u010detka godine, u na\u0161oj zemlji je po\u010dinjeno najmanje 24 femicida, \u0161to govori o u\u010destalosti ovih slu\u010daja, tolikoj da pojedini stru\u010dnjaci&#8230;<\/p>","protected":false},"author":3,"featured_media":40145,"comment_status":"close","ping_status":"closed","sticky":false,"template":"","format":"audio","meta":{"footnotes":""},"categories":[303],"tags":[],"class_list":["post-90024","post","type-post","status-publish","format-audio","has-post-thumbnail","hentry","category-salon","post_format-post-format-audio"],"_links":{"self":[{"href":"https:\/\/podcast.rs\/en\/wp-json\/wp\/v2\/posts\/90024","targetHints":{"allow":["GET"]}}],"collection":[{"href":"https:\/\/podcast.rs\/en\/wp-json\/wp\/v2\/posts"}],"about":[{"href":"https:\/\/podcast.rs\/en\/wp-json\/wp\/v2\/types\/post"}],"author":[{"embeddable":true,"href":"https:\/\/podcast.rs\/en\/wp-json\/wp\/v2\/users\/3"}],"replies":[{"embeddable":true,"href":"https:\/\/podcast.rs\/en\/wp-json\/wp\/v2\/comments?post=90024"}],"version-history":[{"count":1,"href":"https:\/\/podcast.rs\/en\/wp-json\/wp\/v2\/posts\/90024\/revisions"}],"predecessor-version":[{"id":90025,"href":"https:\/\/podcast.rs\/en\/wp-json\/wp\/v2\/posts\/90024\/revisions\/90025"}],"wp:featuredmedia":[{"embeddable":true,"href":"https:\/\/podcast.rs\/en\/wp-json\/wp\/v2\/media\/40145"}],"wp:attachment":[{"href":"https:\/\/podcast.rs\/en\/wp-json\/wp\/v2\/media?parent=90024"}],"wp:term":[{"taxonomy":"category","embeddable":true,"href":"https:\/\/podcast.rs\/en\/wp-json\/wp\/v2\/categories?post=90024"},{"taxonomy":"post_tag","embeddable":true,"href":"https:\/\/podcast.rs\/en\/wp-json\/wp\/v2\/tags?post=90024"}],"curies":[{"name":"wp","href":"https:\/\/api.w.org\/{rel}","templated":true}]}}