{"id":88213,"date":"2023-09-12T17:30:06","date_gmt":"2023-09-12T15:30:06","guid":{"rendered":"https:\/\/podcast.rs\/?p=88213"},"modified":"2023-09-12T18:19:58","modified_gmt":"2023-09-12T16:19:58","slug":"jezicna-policija-u-hrvatskoj","status":"publish","type":"post","link":"https:\/\/podcast.rs\/en\/jezicna-policija-u-hrvatskoj\/","title":{"rendered":"Jezi\u010dna policija u Hrvatskoj?"},"content":{"rendered":"<p>      Hrvatska bi najesen trebala dobiti svoj prvi Zakon o hrvatskom jeziku. Njime se \u017eeli za\u0161tititi i poticati razvoj hrvatskog jezika, ali i osigurati njegova sloboda. Jedni reagiraju pozitivno a drugi se pitaju &#8211; uvodi li Hrvatska jezi\u010dnu policiju?  Petra \u0160varc analizira \u0161to ovaj zakon doista donosi. Nenad Kreizer u razgovoru s Edijem Mati\u0107em, predsjednikom Hrvatskog dru\u0161tva knji\u017eevnika i piscem iz Splita, poku\u0161ava doznati koliko je novi zakon potreban ili je sve to zapravo politi\u010dka pri\u010da?<\/p>","protected":false},"excerpt":{"rendered":"<p>Hrvatska bi najesen trebala dobiti svoj prvi Zakon o hrvatskom jeziku. Njime se \u017eeli za\u0161tititi i poticati razvoj hrvatskog jezika, ali i osigurati njegova sloboda. Jedni reagiraju pozitivno a drugi se pitaju &#8211; uvodi li Hrvatska jezi\u010dnu policiju? Petra \u0160varc analizira \u0161to ovaj zakon doista donosi. Nenad Kreizer u razgovoru s Edijem Mati\u0107em, predsjednikom Hrvatskog&#8230;<\/p>","protected":false},"author":3,"featured_media":48737,"comment_status":"close","ping_status":"closed","sticky":false,"template":"","format":"audio","meta":{"footnotes":""},"categories":[183],"tags":[],"class_list":["post-88213","post","type-post","status-publish","format-audio","has-post-thumbnail","hentry","category-cosmo","post_format-post-format-audio"],"_links":{"self":[{"href":"https:\/\/podcast.rs\/en\/wp-json\/wp\/v2\/posts\/88213","targetHints":{"allow":["GET"]}}],"collection":[{"href":"https:\/\/podcast.rs\/en\/wp-json\/wp\/v2\/posts"}],"about":[{"href":"https:\/\/podcast.rs\/en\/wp-json\/wp\/v2\/types\/post"}],"author":[{"embeddable":true,"href":"https:\/\/podcast.rs\/en\/wp-json\/wp\/v2\/users\/3"}],"replies":[{"embeddable":true,"href":"https:\/\/podcast.rs\/en\/wp-json\/wp\/v2\/comments?post=88213"}],"version-history":[{"count":1,"href":"https:\/\/podcast.rs\/en\/wp-json\/wp\/v2\/posts\/88213\/revisions"}],"predecessor-version":[{"id":88214,"href":"https:\/\/podcast.rs\/en\/wp-json\/wp\/v2\/posts\/88213\/revisions\/88214"}],"wp:featuredmedia":[{"embeddable":true,"href":"https:\/\/podcast.rs\/en\/wp-json\/wp\/v2\/media\/48737"}],"wp:attachment":[{"href":"https:\/\/podcast.rs\/en\/wp-json\/wp\/v2\/media?parent=88213"}],"wp:term":[{"taxonomy":"category","embeddable":true,"href":"https:\/\/podcast.rs\/en\/wp-json\/wp\/v2\/categories?post=88213"},{"taxonomy":"post_tag","embeddable":true,"href":"https:\/\/podcast.rs\/en\/wp-json\/wp\/v2\/tags?post=88213"}],"curies":[{"name":"wp","href":"https:\/\/api.w.org\/{rel}","templated":true}]}}