{"id":88191,"date":"2023-09-11T18:05:57","date_gmt":"2023-09-11T16:05:57","guid":{"rendered":"https:\/\/podcast.rs\/?p=88191"},"modified":"2023-09-11T18:21:06","modified_gmt":"2023-09-11T16:21:06","slug":"cile-prije-50-godina-dan-koji-je-promijenio-svijet","status":"publish","type":"post","link":"https:\/\/podcast.rs\/en\/cile-prije-50-godina-dan-koji-je-promijenio-svijet\/","title":{"rendered":"\u010cile prije 50 godina &#8211; dan koji je promijenio svijet"},"content":{"rendered":"<p>      Kada spomenemo 11.9. svi pomislimo na teroristi\u010dke napade na SAD 2001. godine. Me\u0111utim istog tog datuma ne\u0161to ranije, naime 1973. godine, jedan drugi doga\u0111aj tako\u0111er je promijenio svijet. Pu\u010d u \u010cileu. Za\u0161to? O tome kako ovaj dan jo\u0161 uvijek utje\u010de na Njema\u010dku i jugoistok Evrope Nenad Kreizer razgovara sa sociologom i povjesni\u010darem Galom Kirnom. Filip Slavkovi\u0107 poja\u0161njava \u0161ta se ustvari ta\u010dno desilo tog 11.9. prije 50 godina. Kakve veze sve to ima s nama i sa svijetom u kojem danas \u017eivimo?<\/p>","protected":false},"excerpt":{"rendered":"<p>Kada spomenemo 11.9. svi pomislimo na teroristi\u010dke napade na SAD 2001. godine. Me\u0111utim istog tog datuma ne\u0161to ranije, naime 1973. godine, jedan drugi doga\u0111aj tako\u0111er je promijenio svijet. Pu\u010d u \u010cileu. Za\u0161to? O tome kako ovaj dan jo\u0161 uvijek utje\u010de na Njema\u010dku i jugoistok Evrope Nenad Kreizer razgovara sa sociologom i povjesni\u010darem Galom Kirnom. Filip&#8230;<\/p>","protected":false},"author":3,"featured_media":48737,"comment_status":"close","ping_status":"closed","sticky":false,"template":"","format":"audio","meta":{"footnotes":""},"categories":[183],"tags":[],"class_list":["post-88191","post","type-post","status-publish","format-audio","has-post-thumbnail","hentry","category-cosmo","post_format-post-format-audio"],"_links":{"self":[{"href":"https:\/\/podcast.rs\/en\/wp-json\/wp\/v2\/posts\/88191","targetHints":{"allow":["GET"]}}],"collection":[{"href":"https:\/\/podcast.rs\/en\/wp-json\/wp\/v2\/posts"}],"about":[{"href":"https:\/\/podcast.rs\/en\/wp-json\/wp\/v2\/types\/post"}],"author":[{"embeddable":true,"href":"https:\/\/podcast.rs\/en\/wp-json\/wp\/v2\/users\/3"}],"replies":[{"embeddable":true,"href":"https:\/\/podcast.rs\/en\/wp-json\/wp\/v2\/comments?post=88191"}],"version-history":[{"count":1,"href":"https:\/\/podcast.rs\/en\/wp-json\/wp\/v2\/posts\/88191\/revisions"}],"predecessor-version":[{"id":88192,"href":"https:\/\/podcast.rs\/en\/wp-json\/wp\/v2\/posts\/88191\/revisions\/88192"}],"wp:featuredmedia":[{"embeddable":true,"href":"https:\/\/podcast.rs\/en\/wp-json\/wp\/v2\/media\/48737"}],"wp:attachment":[{"href":"https:\/\/podcast.rs\/en\/wp-json\/wp\/v2\/media?parent=88191"}],"wp:term":[{"taxonomy":"category","embeddable":true,"href":"https:\/\/podcast.rs\/en\/wp-json\/wp\/v2\/categories?post=88191"},{"taxonomy":"post_tag","embeddable":true,"href":"https:\/\/podcast.rs\/en\/wp-json\/wp\/v2\/tags?post=88191"}],"curies":[{"name":"wp","href":"https:\/\/api.w.org\/{rel}","templated":true}]}}