{"id":88091,"date":"2023-09-07T17:55:03","date_gmt":"2023-09-07T15:55:03","guid":{"rendered":"https:\/\/podcast.rs\/?p=88091"},"modified":"2023-09-07T18:20:32","modified_gmt":"2023-09-07T16:20:32","slug":"u-autobusu-sa-selvedinom-avdicem","status":"publish","type":"post","link":"https:\/\/podcast.rs\/en\/u-autobusu-sa-selvedinom-avdicem\/","title":{"rendered":"U autobusu sa Selvedinom Avdi\u0107em"},"content":{"rendered":"<p>      Amir Kamber i Selvedin Avdi\u0107 uspostavljaju knji\u017eevnu vezu na relaciji: Keln &#8211; Zenica. Posebnu pa\u017enju skre\u0107emo na &#8222;Autobusne bilje\u0161ke&#8220;, knjigu u kojoj Avdi\u0107 poku\u0161ava uhvatiti atmosferu autobusnog kosmosa kojeg \u010dine stanice, peroni i saputnici koje vjerovatno nikada vi\u0161e ne\u0107e vidjeti. O tome kako je nekada\u0161nji industrijski kolos, grad Zenica, utjecao na Avdi\u0107evu literaturu razmi\u0161lja i \u010dita odlomke na\u0161 knji\u017eevni stru\u010dnjak Davor Kori\u0107. Svakog prvog \u010detvrtka u mjesecu &#8211;  literatura na prvom mjestu!<\/p>","protected":false},"excerpt":{"rendered":"<p>Amir Kamber i Selvedin Avdi\u0107 uspostavljaju knji\u017eevnu vezu na relaciji: Keln &#8211; Zenica. Posebnu pa\u017enju skre\u0107emo na &#8222;Autobusne bilje\u0161ke&#8220;, knjigu u kojoj Avdi\u0107 poku\u0161ava uhvatiti atmosferu autobusnog kosmosa kojeg \u010dine stanice, peroni i saputnici koje vjerovatno nikada vi\u0161e ne\u0107e vidjeti. O tome kako je nekada\u0161nji industrijski kolos, grad Zenica, utjecao na Avdi\u0107evu literaturu razmi\u0161lja i&#8230;<\/p>","protected":false},"author":3,"featured_media":48737,"comment_status":"close","ping_status":"closed","sticky":false,"template":"","format":"audio","meta":{"footnotes":""},"categories":[183],"tags":[],"class_list":["post-88091","post","type-post","status-publish","format-audio","has-post-thumbnail","hentry","category-cosmo","post_format-post-format-audio"],"_links":{"self":[{"href":"https:\/\/podcast.rs\/en\/wp-json\/wp\/v2\/posts\/88091","targetHints":{"allow":["GET"]}}],"collection":[{"href":"https:\/\/podcast.rs\/en\/wp-json\/wp\/v2\/posts"}],"about":[{"href":"https:\/\/podcast.rs\/en\/wp-json\/wp\/v2\/types\/post"}],"author":[{"embeddable":true,"href":"https:\/\/podcast.rs\/en\/wp-json\/wp\/v2\/users\/3"}],"replies":[{"embeddable":true,"href":"https:\/\/podcast.rs\/en\/wp-json\/wp\/v2\/comments?post=88091"}],"version-history":[{"count":1,"href":"https:\/\/podcast.rs\/en\/wp-json\/wp\/v2\/posts\/88091\/revisions"}],"predecessor-version":[{"id":88092,"href":"https:\/\/podcast.rs\/en\/wp-json\/wp\/v2\/posts\/88091\/revisions\/88092"}],"wp:featuredmedia":[{"embeddable":true,"href":"https:\/\/podcast.rs\/en\/wp-json\/wp\/v2\/media\/48737"}],"wp:attachment":[{"href":"https:\/\/podcast.rs\/en\/wp-json\/wp\/v2\/media?parent=88091"}],"wp:term":[{"taxonomy":"category","embeddable":true,"href":"https:\/\/podcast.rs\/en\/wp-json\/wp\/v2\/categories?post=88091"},{"taxonomy":"post_tag","embeddable":true,"href":"https:\/\/podcast.rs\/en\/wp-json\/wp\/v2\/tags?post=88091"}],"curies":[{"name":"wp","href":"https:\/\/api.w.org\/{rel}","templated":true}]}}