{"id":88051,"date":"2023-09-06T17:15:03","date_gmt":"2023-09-06T15:15:03","guid":{"rendered":"https:\/\/podcast.rs\/?p=88051"},"modified":"2023-09-06T18:20:55","modified_gmt":"2023-09-06T16:20:55","slug":"antisemitizam-se-ponovno-siri-europom","status":"publish","type":"post","link":"https:\/\/podcast.rs\/en\/antisemitizam-se-ponovno-siri-europom\/","title":{"rendered":"Antisemitizam se ponovno \u0161iri Europom"},"content":{"rendered":"<p>      Sve u\u010destaliji napadi na pripadnike \u017eidovskih zajednica, negiranje Holokausta i povijesni revizionizam, svjedo\u010de o porastu antisemitizma u Europi, \u0161to brojkama potkrepljuju i statistike. Pripadnici \u017eidovske zajednice se u pojedinim europskim gradovima vi\u0161e ne usu\u0111uju izlaziti na ulicu s obilje\u017ejima koje bi ih okrakterizirale kao \u017didove. Koji je uzrok ovom opasnom trendu i \u0161to dru\u0161tva \u010dine kako bi mu se oduprijelo? O tomu govorimo i s predsjednikom \u017didovske op\u0107ine Zagreb Ognjenom Krausom.<\/p>","protected":false},"excerpt":{"rendered":"<p>Sve u\u010destaliji napadi na pripadnike \u017eidovskih zajednica, negiranje Holokausta i povijesni revizionizam, svjedo\u010de o porastu antisemitizma u Europi, \u0161to brojkama potkrepljuju i statistike. Pripadnici \u017eidovske zajednice se u pojedinim europskim gradovima vi\u0161e ne usu\u0111uju izlaziti na ulicu s obilje\u017ejima koje bi ih okrakterizirale kao \u017didove. Koji je uzrok ovom opasnom trendu i \u0161to dru\u0161tva \u010dine&#8230;<\/p>","protected":false},"author":3,"featured_media":48737,"comment_status":"close","ping_status":"closed","sticky":false,"template":"","format":"audio","meta":{"footnotes":""},"categories":[183],"tags":[],"class_list":["post-88051","post","type-post","status-publish","format-audio","has-post-thumbnail","hentry","category-cosmo","post_format-post-format-audio"],"_links":{"self":[{"href":"https:\/\/podcast.rs\/en\/wp-json\/wp\/v2\/posts\/88051","targetHints":{"allow":["GET"]}}],"collection":[{"href":"https:\/\/podcast.rs\/en\/wp-json\/wp\/v2\/posts"}],"about":[{"href":"https:\/\/podcast.rs\/en\/wp-json\/wp\/v2\/types\/post"}],"author":[{"embeddable":true,"href":"https:\/\/podcast.rs\/en\/wp-json\/wp\/v2\/users\/3"}],"replies":[{"embeddable":true,"href":"https:\/\/podcast.rs\/en\/wp-json\/wp\/v2\/comments?post=88051"}],"version-history":[{"count":1,"href":"https:\/\/podcast.rs\/en\/wp-json\/wp\/v2\/posts\/88051\/revisions"}],"predecessor-version":[{"id":88052,"href":"https:\/\/podcast.rs\/en\/wp-json\/wp\/v2\/posts\/88051\/revisions\/88052"}],"wp:featuredmedia":[{"embeddable":true,"href":"https:\/\/podcast.rs\/en\/wp-json\/wp\/v2\/media\/48737"}],"wp:attachment":[{"href":"https:\/\/podcast.rs\/en\/wp-json\/wp\/v2\/media?parent=88051"}],"wp:term":[{"taxonomy":"category","embeddable":true,"href":"https:\/\/podcast.rs\/en\/wp-json\/wp\/v2\/categories?post=88051"},{"taxonomy":"post_tag","embeddable":true,"href":"https:\/\/podcast.rs\/en\/wp-json\/wp\/v2\/tags?post=88051"}],"curies":[{"name":"wp","href":"https:\/\/api.w.org\/{rel}","templated":true}]}}