{"id":87515,"date":"2023-09-01T17:00:49","date_gmt":"2023-09-01T15:00:49","guid":{"rendered":"https:\/\/podcast.rs\/?p=87515"},"modified":"2023-09-01T18:21:45","modified_gmt":"2023-09-01T16:21:45","slug":"merima-kljuco-jelena-milusic-u-bonu-tvoj-korzo-petkom","status":"publish","type":"post","link":"https:\/\/podcast.rs\/en\/merima-kljuco-jelena-milusic-u-bonu-tvoj-korzo-petkom\/","title":{"rendered":"Merima Klju\u010do &amp; Jelena Milu\u0161i\u0107 u Bonu &#8211; Tvoj Korzo petkom"},"content":{"rendered":"<p>      Politi\u010dki anga\u017eovani umetnici iz dr\u017eava na prostoru biv\u0161e Jugoslavije u malim, intimnim prostorima u Nema\u010dkoj. U okviru koncertnog serijala RegionAlle, koji je pokrenula nema\u010dka Savezna agencija za gra\u0111ansku edukaciju, 7. septembra u Bonu nastupaju harmonika\u0161ica Merima Klju\u010do i peva\u010dica Jelena Milu\u0161i\u0107 iz BiH. Pred nastup, o albumu Lume pri\u010da nam Jelena Milu\u0161i\u0107. Iz Sarajeva Zoran \u0106ati\u0107 izdvaja najinteresantnije novosti na muzi\u010dkoj sceni BiH. \u010cu\u0107emo jo\u0161 noviteta. Tvoja muzika &#8211; tvoj Korzo petkom!<\/p>","protected":false},"excerpt":{"rendered":"<p>Politi\u010dki anga\u017eovani umetnici iz dr\u017eava na prostoru biv\u0161e Jugoslavije u malim, intimnim prostorima u Nema\u010dkoj. U okviru koncertnog serijala RegionAlle, koji je pokrenula nema\u010dka Savezna agencija za gra\u0111ansku edukaciju, 7. septembra u Bonu nastupaju harmonika\u0161ica Merima Klju\u010do i peva\u010dica Jelena Milu\u0161i\u0107 iz BiH. Pred nastup, o albumu Lume pri\u010da nam Jelena Milu\u0161i\u0107. Iz Sarajeva Zoran&#8230;<\/p>","protected":false},"author":3,"featured_media":48737,"comment_status":"close","ping_status":"closed","sticky":false,"template":"","format":"audio","meta":{"footnotes":""},"categories":[183],"tags":[],"class_list":["post-87515","post","type-post","status-publish","format-audio","has-post-thumbnail","hentry","category-cosmo","post_format-post-format-audio"],"_links":{"self":[{"href":"https:\/\/podcast.rs\/en\/wp-json\/wp\/v2\/posts\/87515","targetHints":{"allow":["GET"]}}],"collection":[{"href":"https:\/\/podcast.rs\/en\/wp-json\/wp\/v2\/posts"}],"about":[{"href":"https:\/\/podcast.rs\/en\/wp-json\/wp\/v2\/types\/post"}],"author":[{"embeddable":true,"href":"https:\/\/podcast.rs\/en\/wp-json\/wp\/v2\/users\/3"}],"replies":[{"embeddable":true,"href":"https:\/\/podcast.rs\/en\/wp-json\/wp\/v2\/comments?post=87515"}],"version-history":[{"count":1,"href":"https:\/\/podcast.rs\/en\/wp-json\/wp\/v2\/posts\/87515\/revisions"}],"predecessor-version":[{"id":87516,"href":"https:\/\/podcast.rs\/en\/wp-json\/wp\/v2\/posts\/87515\/revisions\/87516"}],"wp:featuredmedia":[{"embeddable":true,"href":"https:\/\/podcast.rs\/en\/wp-json\/wp\/v2\/media\/48737"}],"wp:attachment":[{"href":"https:\/\/podcast.rs\/en\/wp-json\/wp\/v2\/media?parent=87515"}],"wp:term":[{"taxonomy":"category","embeddable":true,"href":"https:\/\/podcast.rs\/en\/wp-json\/wp\/v2\/categories?post=87515"},{"taxonomy":"post_tag","embeddable":true,"href":"https:\/\/podcast.rs\/en\/wp-json\/wp\/v2\/tags?post=87515"}],"curies":[{"name":"wp","href":"https:\/\/api.w.org\/{rel}","templated":true}]}}