{"id":86903,"date":"2023-08-28T17:15:36","date_gmt":"2023-08-28T15:15:36","guid":{"rendered":"https:\/\/podcast.rs\/?p=86903"},"modified":"2023-08-28T18:21:13","modified_gmt":"2023-08-28T16:21:13","slug":"sjeverna-makedonija-u-cemu-je-sad-problem","status":"publish","type":"post","link":"https:\/\/podcast.rs\/en\/sjeverna-makedonija-u-cemu-je-sad-problem\/","title":{"rendered":"Sjeverna Makedonija: U \u010demu je sad problem?"},"content":{"rendered":"<p>      Nakon spora s Gr\u010dkom, zatim francuske blokade, na evropskom putu Sjevernoj Makedoniji isprije\u010dili su se bugarski zahtjevi za promjenu ustava. Marija Divitarova poja\u0161njava o \u010demu se ta\u010dno radi. Ko se protivi izmjeni ustava? Ko je za? O tome kakve bi mogle biti posljedice nove krize Amir Kamber razgovora s Nikolom Dimitrovim. \u0160ta je za biv\u0161eg ministra vanjskih poslova Sjeverne Makedonije su\u0161tina problema? Ima li ideju kako rije\u0161iti konflikt s Bugarskom? Kakve su implikacije za region?<\/p>","protected":false},"excerpt":{"rendered":"<p>Nakon spora s Gr\u010dkom, zatim francuske blokade, na evropskom putu Sjevernoj Makedoniji isprije\u010dili su se bugarski zahtjevi za promjenu ustava. Marija Divitarova poja\u0161njava o \u010demu se ta\u010dno radi. Ko se protivi izmjeni ustava? Ko je za? O tome kakve bi mogle biti posljedice nove krize Amir Kamber razgovora s Nikolom Dimitrovim. \u0160ta je za biv\u0161eg&#8230;<\/p>","protected":false},"author":3,"featured_media":48737,"comment_status":"close","ping_status":"closed","sticky":false,"template":"","format":"audio","meta":{"footnotes":""},"categories":[183],"tags":[],"class_list":["post-86903","post","type-post","status-publish","format-audio","has-post-thumbnail","hentry","category-cosmo","post_format-post-format-audio"],"_links":{"self":[{"href":"https:\/\/podcast.rs\/en\/wp-json\/wp\/v2\/posts\/86903","targetHints":{"allow":["GET"]}}],"collection":[{"href":"https:\/\/podcast.rs\/en\/wp-json\/wp\/v2\/posts"}],"about":[{"href":"https:\/\/podcast.rs\/en\/wp-json\/wp\/v2\/types\/post"}],"author":[{"embeddable":true,"href":"https:\/\/podcast.rs\/en\/wp-json\/wp\/v2\/users\/3"}],"replies":[{"embeddable":true,"href":"https:\/\/podcast.rs\/en\/wp-json\/wp\/v2\/comments?post=86903"}],"version-history":[{"count":1,"href":"https:\/\/podcast.rs\/en\/wp-json\/wp\/v2\/posts\/86903\/revisions"}],"predecessor-version":[{"id":86904,"href":"https:\/\/podcast.rs\/en\/wp-json\/wp\/v2\/posts\/86903\/revisions\/86904"}],"wp:featuredmedia":[{"embeddable":true,"href":"https:\/\/podcast.rs\/en\/wp-json\/wp\/v2\/media\/48737"}],"wp:attachment":[{"href":"https:\/\/podcast.rs\/en\/wp-json\/wp\/v2\/media?parent=86903"}],"wp:term":[{"taxonomy":"category","embeddable":true,"href":"https:\/\/podcast.rs\/en\/wp-json\/wp\/v2\/categories?post=86903"},{"taxonomy":"post_tag","embeddable":true,"href":"https:\/\/podcast.rs\/en\/wp-json\/wp\/v2\/tags?post=86903"}],"curies":[{"name":"wp","href":"https:\/\/api.w.org\/{rel}","templated":true}]}}