{"id":86828,"date":"2023-08-24T17:15:44","date_gmt":"2023-08-24T15:15:44","guid":{"rendered":"https:\/\/podcast.rs\/?p=86828"},"modified":"2023-08-24T18:21:17","modified_gmt":"2023-08-24T16:21:17","slug":"njemacka-pojednostavljuje-proceduru-promjene-spola-i-imena","status":"publish","type":"post","link":"https:\/\/podcast.rs\/en\/njemacka-pojednostavljuje-proceduru-promjene-spola-i-imena\/","title":{"rendered":"Njema\u010dka pojednostavljuje proceduru promjene spola i imena"},"content":{"rendered":"<p>      Njema\u010dka vlada dogovara reformu zakona o rodnom samoodre\u0111enju. U budu\u0107nosti \u0107e transrodnim i nebinarnim osobama biti mnogo lak\u0161e promijeniti oznaku spola u osobnim dokumentima. Do sada slo\u017eena procedura bi trebala postati stvar pro\u0161losti. Nenad Kreizer nam poja\u0161njava va\u017ene detalje iz ovog nacrta novog zakona, a Agata Milan \u0110uri\u0107, iz Geten centra za prava LGBTIQA osoba iz Srbije, obja\u0161njava kakva su prava trans ljudi u regiji i ho\u0107e li u budu\u0107nosti i tu biti olak\u0161ana procedura samoodre\u0111enja.<\/p>","protected":false},"excerpt":{"rendered":"<p>Njema\u010dka vlada dogovara reformu zakona o rodnom samoodre\u0111enju. U budu\u0107nosti \u0107e transrodnim i nebinarnim osobama biti mnogo lak\u0161e promijeniti oznaku spola u osobnim dokumentima. Do sada slo\u017eena procedura bi trebala postati stvar pro\u0161losti. Nenad Kreizer nam poja\u0161njava va\u017ene detalje iz ovog nacrta novog zakona, a Agata Milan \u0110uri\u0107, iz Geten centra za prava LGBTIQA osoba&#8230;<\/p>","protected":false},"author":3,"featured_media":48737,"comment_status":"close","ping_status":"closed","sticky":false,"template":"","format":"audio","meta":{"footnotes":""},"categories":[183],"tags":[],"class_list":["post-86828","post","type-post","status-publish","format-audio","has-post-thumbnail","hentry","category-cosmo","post_format-post-format-audio"],"_links":{"self":[{"href":"https:\/\/podcast.rs\/en\/wp-json\/wp\/v2\/posts\/86828","targetHints":{"allow":["GET"]}}],"collection":[{"href":"https:\/\/podcast.rs\/en\/wp-json\/wp\/v2\/posts"}],"about":[{"href":"https:\/\/podcast.rs\/en\/wp-json\/wp\/v2\/types\/post"}],"author":[{"embeddable":true,"href":"https:\/\/podcast.rs\/en\/wp-json\/wp\/v2\/users\/3"}],"replies":[{"embeddable":true,"href":"https:\/\/podcast.rs\/en\/wp-json\/wp\/v2\/comments?post=86828"}],"version-history":[{"count":1,"href":"https:\/\/podcast.rs\/en\/wp-json\/wp\/v2\/posts\/86828\/revisions"}],"predecessor-version":[{"id":86829,"href":"https:\/\/podcast.rs\/en\/wp-json\/wp\/v2\/posts\/86828\/revisions\/86829"}],"wp:featuredmedia":[{"embeddable":true,"href":"https:\/\/podcast.rs\/en\/wp-json\/wp\/v2\/media\/48737"}],"wp:attachment":[{"href":"https:\/\/podcast.rs\/en\/wp-json\/wp\/v2\/media?parent=86828"}],"wp:term":[{"taxonomy":"category","embeddable":true,"href":"https:\/\/podcast.rs\/en\/wp-json\/wp\/v2\/categories?post=86828"},{"taxonomy":"post_tag","embeddable":true,"href":"https:\/\/podcast.rs\/en\/wp-json\/wp\/v2\/tags?post=86828"}],"curies":[{"name":"wp","href":"https:\/\/api.w.org\/{rel}","templated":true}]}}