{"id":86592,"date":"2023-08-16T18:30:37","date_gmt":"2023-08-16T16:30:37","guid":{"rendered":"https:\/\/podcast.rs\/?p=86592"},"modified":"2023-08-16T20:22:24","modified_gmt":"2023-08-16T18:22:24","slug":"femicid-u-bosni-i-hercegovini","status":"publish","type":"post","link":"https:\/\/podcast.rs\/en\/femicid-u-bosni-i-hercegovini\/","title":{"rendered":"Femicid u Bosni i Hercegovini"},"content":{"rendered":"<p>      Naoru\u017eani mu\u0161karac ubio svoju nevjen\u010danu \u017eenu &#8211; i to prenosio u\u017eivo putem interneta. Bosna i Hercegovina je u\u017easnuta zlo\u010dinom u Grada\u010dcu. \u0160ta se ta\u010dno dogodilo? Kako je mogu\u0107e da osoba s debelim kriminalnim dosijeom uradi tako ne\u0161to? O zlo\u010dinu i njegovom dru\u0161tvenom kontekstu vi\u0161e od dopisnika iz Sarajeva, Amira Su\u017enja. D\u017eeneta Omerdi\u0107, profesorica Pravnog fakulteta u Tuzli, u razgovoru s Amirom Kamberom obja\u0161njava za\u0161to je nasilje u porodici tabu tema u Bosni i Hercegovini.<\/p>","protected":false},"excerpt":{"rendered":"<p>Naoru\u017eani mu\u0161karac ubio svoju nevjen\u010danu \u017eenu &#8211; i to prenosio u\u017eivo putem interneta. Bosna i Hercegovina je u\u017easnuta zlo\u010dinom u Grada\u010dcu. \u0160ta se ta\u010dno dogodilo? Kako je mogu\u0107e da osoba s debelim kriminalnim dosijeom uradi tako ne\u0161to? O zlo\u010dinu i njegovom dru\u0161tvenom kontekstu vi\u0161e od dopisnika iz Sarajeva, Amira Su\u017enja. D\u017eeneta Omerdi\u0107, profesorica Pravnog fakulteta&#8230;<\/p>","protected":false},"author":3,"featured_media":48737,"comment_status":"close","ping_status":"closed","sticky":false,"template":"","format":"audio","meta":{"footnotes":""},"categories":[183],"tags":[],"class_list":["post-86592","post","type-post","status-publish","format-audio","has-post-thumbnail","hentry","category-cosmo","post_format-post-format-audio"],"_links":{"self":[{"href":"https:\/\/podcast.rs\/en\/wp-json\/wp\/v2\/posts\/86592","targetHints":{"allow":["GET"]}}],"collection":[{"href":"https:\/\/podcast.rs\/en\/wp-json\/wp\/v2\/posts"}],"about":[{"href":"https:\/\/podcast.rs\/en\/wp-json\/wp\/v2\/types\/post"}],"author":[{"embeddable":true,"href":"https:\/\/podcast.rs\/en\/wp-json\/wp\/v2\/users\/3"}],"replies":[{"embeddable":true,"href":"https:\/\/podcast.rs\/en\/wp-json\/wp\/v2\/comments?post=86592"}],"version-history":[{"count":1,"href":"https:\/\/podcast.rs\/en\/wp-json\/wp\/v2\/posts\/86592\/revisions"}],"predecessor-version":[{"id":86593,"href":"https:\/\/podcast.rs\/en\/wp-json\/wp\/v2\/posts\/86592\/revisions\/86593"}],"wp:featuredmedia":[{"embeddable":true,"href":"https:\/\/podcast.rs\/en\/wp-json\/wp\/v2\/media\/48737"}],"wp:attachment":[{"href":"https:\/\/podcast.rs\/en\/wp-json\/wp\/v2\/media?parent=86592"}],"wp:term":[{"taxonomy":"category","embeddable":true,"href":"https:\/\/podcast.rs\/en\/wp-json\/wp\/v2\/categories?post=86592"},{"taxonomy":"post_tag","embeddable":true,"href":"https:\/\/podcast.rs\/en\/wp-json\/wp\/v2\/tags?post=86592"}],"curies":[{"name":"wp","href":"https:\/\/api.w.org\/{rel}","templated":true}]}}