{"id":86461,"date":"2023-08-09T17:00:09","date_gmt":"2023-08-09T15:00:09","guid":{"rendered":"https:\/\/podcast.rs\/?p=86461"},"modified":"2023-08-09T18:23:54","modified_gmt":"2023-08-09T16:23:54","slug":"manjak-vozaca-u-bih-hoce-li-biti-jos-gore","status":"publish","type":"post","link":"https:\/\/podcast.rs\/en\/manjak-vozaca-u-bih-hoce-li-biti-jos-gore\/","title":{"rendered":"Manjak voza\u010da u BiH &#8211; ho\u0107e li biti jo\u0161 gore?"},"content":{"rendered":"<p>      Odluka njema\u010dke Vlade da slu\u017ebeno prizna voza\u010dke dozvole za sve kategorije izdane u Bosni i Hercegovini odjeknula je na bosanskohercegova\u010dkim prostorima kao nagovje\u0161taj novog velikog vala odlaska voza\u010da iz zemlje. Amir Su\u017eanj obja\u0161njava \u0161to to zna\u010di za bosanskohercegova\u010dke transportne kompanije i ho\u0107e li do\u0107i u jo\u0161 te\u017eu situaciju nego \u0161to je sada, a Safudin \u010cengi\u0107, predsjednik Uprave sarajevskog Centrotransa, govori o mogu\u0107im koracima koji bi trebali sprije\u010diti veliki odljev radnika.<\/p>","protected":false},"excerpt":{"rendered":"<p>Odluka njema\u010dke Vlade da slu\u017ebeno prizna voza\u010dke dozvole za sve kategorije izdane u Bosni i Hercegovini odjeknula je na bosanskohercegova\u010dkim prostorima kao nagovje\u0161taj novog velikog vala odlaska voza\u010da iz zemlje. Amir Su\u017eanj obja\u0161njava \u0161to to zna\u010di za bosanskohercegova\u010dke transportne kompanije i ho\u0107e li do\u0107i u jo\u0161 te\u017eu situaciju nego \u0161to je sada, a Safudin \u010cengi\u0107,&#8230;<\/p>","protected":false},"author":3,"featured_media":48737,"comment_status":"close","ping_status":"closed","sticky":false,"template":"","format":"audio","meta":{"footnotes":""},"categories":[183],"tags":[],"class_list":["post-86461","post","type-post","status-publish","format-audio","has-post-thumbnail","hentry","category-cosmo","post_format-post-format-audio"],"_links":{"self":[{"href":"https:\/\/podcast.rs\/en\/wp-json\/wp\/v2\/posts\/86461","targetHints":{"allow":["GET"]}}],"collection":[{"href":"https:\/\/podcast.rs\/en\/wp-json\/wp\/v2\/posts"}],"about":[{"href":"https:\/\/podcast.rs\/en\/wp-json\/wp\/v2\/types\/post"}],"author":[{"embeddable":true,"href":"https:\/\/podcast.rs\/en\/wp-json\/wp\/v2\/users\/3"}],"replies":[{"embeddable":true,"href":"https:\/\/podcast.rs\/en\/wp-json\/wp\/v2\/comments?post=86461"}],"version-history":[{"count":1,"href":"https:\/\/podcast.rs\/en\/wp-json\/wp\/v2\/posts\/86461\/revisions"}],"predecessor-version":[{"id":86462,"href":"https:\/\/podcast.rs\/en\/wp-json\/wp\/v2\/posts\/86461\/revisions\/86462"}],"wp:featuredmedia":[{"embeddable":true,"href":"https:\/\/podcast.rs\/en\/wp-json\/wp\/v2\/media\/48737"}],"wp:attachment":[{"href":"https:\/\/podcast.rs\/en\/wp-json\/wp\/v2\/media?parent=86461"}],"wp:term":[{"taxonomy":"category","embeddable":true,"href":"https:\/\/podcast.rs\/en\/wp-json\/wp\/v2\/categories?post=86461"},{"taxonomy":"post_tag","embeddable":true,"href":"https:\/\/podcast.rs\/en\/wp-json\/wp\/v2\/tags?post=86461"}],"curies":[{"name":"wp","href":"https:\/\/api.w.org\/{rel}","templated":true}]}}