{"id":85387,"date":"2023-07-17T17:45:40","date_gmt":"2023-07-17T15:45:40","guid":{"rendered":"https:\/\/podcast.rs\/?p=85387"},"modified":"2023-07-17T18:24:33","modified_gmt":"2023-07-17T16:24:33","slug":"milorad-dodik-nastavlja-politiku-destabilizacije","status":"publish","type":"post","link":"https:\/\/podcast.rs\/en\/milorad-dodik-nastavlja-politiku-destabilizacije\/","title":{"rendered":"Milorad Dodik nastavlja politiku destabilizacije"},"content":{"rendered":"<p>      Milorad Dodik najnovijim potezima, poput nepo\u0161tivanja odluka Ustavnog suda i Visokog predstavnika, ponovno poku\u0161ava destabilizirati Bosnu i Hercegovinu uz ujedno najavljivanje secesije Republike Srpske. Kakve su mu \u0161anse i u\u017eiva li pomo\u0107 Beograda i Moskve? Kakve su reakcije me\u0111unarodne zajednice? To je tema ovog podcasta Cosmo bosanski\/hrvatski\/srpski u kojem izme\u0111u ostalog razgovaramo i s politi\u010dkim analiti\u010darom Enverom Kazazom.<\/p>","protected":false},"excerpt":{"rendered":"<p>Milorad Dodik najnovijim potezima, poput nepo\u0161tivanja odluka Ustavnog suda i Visokog predstavnika, ponovno poku\u0161ava destabilizirati Bosnu i Hercegovinu uz ujedno najavljivanje secesije Republike Srpske. Kakve su mu \u0161anse i u\u017eiva li pomo\u0107 Beograda i Moskve? Kakve su reakcije me\u0111unarodne zajednice? To je tema ovog podcasta Cosmo bosanski\/hrvatski\/srpski u kojem izme\u0111u ostalog razgovaramo i s politi\u010dkim&#8230;<\/p>","protected":false},"author":3,"featured_media":48737,"comment_status":"close","ping_status":"closed","sticky":false,"template":"","format":"audio","meta":{"footnotes":""},"categories":[183],"tags":[],"class_list":["post-85387","post","type-post","status-publish","format-audio","has-post-thumbnail","hentry","category-cosmo","post_format-post-format-audio"],"_links":{"self":[{"href":"https:\/\/podcast.rs\/en\/wp-json\/wp\/v2\/posts\/85387","targetHints":{"allow":["GET"]}}],"collection":[{"href":"https:\/\/podcast.rs\/en\/wp-json\/wp\/v2\/posts"}],"about":[{"href":"https:\/\/podcast.rs\/en\/wp-json\/wp\/v2\/types\/post"}],"author":[{"embeddable":true,"href":"https:\/\/podcast.rs\/en\/wp-json\/wp\/v2\/users\/3"}],"replies":[{"embeddable":true,"href":"https:\/\/podcast.rs\/en\/wp-json\/wp\/v2\/comments?post=85387"}],"version-history":[{"count":1,"href":"https:\/\/podcast.rs\/en\/wp-json\/wp\/v2\/posts\/85387\/revisions"}],"predecessor-version":[{"id":85388,"href":"https:\/\/podcast.rs\/en\/wp-json\/wp\/v2\/posts\/85387\/revisions\/85388"}],"wp:featuredmedia":[{"embeddable":true,"href":"https:\/\/podcast.rs\/en\/wp-json\/wp\/v2\/media\/48737"}],"wp:attachment":[{"href":"https:\/\/podcast.rs\/en\/wp-json\/wp\/v2\/media?parent=85387"}],"wp:term":[{"taxonomy":"category","embeddable":true,"href":"https:\/\/podcast.rs\/en\/wp-json\/wp\/v2\/categories?post=85387"},{"taxonomy":"post_tag","embeddable":true,"href":"https:\/\/podcast.rs\/en\/wp-json\/wp\/v2\/tags?post=85387"}],"curies":[{"name":"wp","href":"https:\/\/api.w.org\/{rel}","templated":true}]}}