{"id":84752,"date":"2023-07-11T17:30:47","date_gmt":"2023-07-11T15:30:47","guid":{"rendered":"https:\/\/podcast.rs\/?p=84752"},"modified":"2023-07-11T18:24:40","modified_gmt":"2023-07-11T16:24:40","slug":"srebrenica-u-sumrak-11-jula","status":"publish","type":"post","link":"https:\/\/podcast.rs\/en\/srebrenica-u-sumrak-11-jula\/","title":{"rendered":"Srebrenica: U sumrak 11. jula"},"content":{"rendered":"<p>      U Srebrenici je obilje\u017eena 28. godi\u0161njica genocida. Jedni ga negiraju, drugi iskori\u0161tavaju, tre\u0107i rade i jedno i drugo. U me\u0111uvremenu, u memorijalnom centru ukopano je jo\u0161 30 \u017ertava. Amir Su\u017eanj i Amir Kamber razgovaraju o tome za\u0161to ovaj grad nakon komemoracije, do sljede\u0107eg 11. jula, iz godinu u godinu uglavnom ostaje prepu\u0161ten sam sebi? Zbog \u010dega bra\u0107a Mand\u017ei\u0107, njih trojica, uprkos svemu budu\u0107nost vide u svom kraju? Treba li 11. juli proglasiti Me\u0111unarodnim danom sje\u0107anja na \u017ertve Srebrenice?<\/p>","protected":false},"excerpt":{"rendered":"<p>U Srebrenici je obilje\u017eena 28. godi\u0161njica genocida. Jedni ga negiraju, drugi iskori\u0161tavaju, tre\u0107i rade i jedno i drugo. U me\u0111uvremenu, u memorijalnom centru ukopano je jo\u0161 30 \u017ertava. Amir Su\u017eanj i Amir Kamber razgovaraju o tome za\u0161to ovaj grad nakon komemoracije, do sljede\u0107eg 11. jula, iz godinu u godinu uglavnom ostaje prepu\u0161ten sam sebi? Zbog&#8230;<\/p>","protected":false},"author":3,"featured_media":48737,"comment_status":"close","ping_status":"closed","sticky":false,"template":"","format":"audio","meta":{"footnotes":""},"categories":[183],"tags":[],"class_list":["post-84752","post","type-post","status-publish","format-audio","has-post-thumbnail","hentry","category-cosmo","post_format-post-format-audio"],"_links":{"self":[{"href":"https:\/\/podcast.rs\/en\/wp-json\/wp\/v2\/posts\/84752","targetHints":{"allow":["GET"]}}],"collection":[{"href":"https:\/\/podcast.rs\/en\/wp-json\/wp\/v2\/posts"}],"about":[{"href":"https:\/\/podcast.rs\/en\/wp-json\/wp\/v2\/types\/post"}],"author":[{"embeddable":true,"href":"https:\/\/podcast.rs\/en\/wp-json\/wp\/v2\/users\/3"}],"replies":[{"embeddable":true,"href":"https:\/\/podcast.rs\/en\/wp-json\/wp\/v2\/comments?post=84752"}],"version-history":[{"count":1,"href":"https:\/\/podcast.rs\/en\/wp-json\/wp\/v2\/posts\/84752\/revisions"}],"predecessor-version":[{"id":84753,"href":"https:\/\/podcast.rs\/en\/wp-json\/wp\/v2\/posts\/84752\/revisions\/84753"}],"wp:featuredmedia":[{"embeddable":true,"href":"https:\/\/podcast.rs\/en\/wp-json\/wp\/v2\/media\/48737"}],"wp:attachment":[{"href":"https:\/\/podcast.rs\/en\/wp-json\/wp\/v2\/media?parent=84752"}],"wp:term":[{"taxonomy":"category","embeddable":true,"href":"https:\/\/podcast.rs\/en\/wp-json\/wp\/v2\/categories?post=84752"},{"taxonomy":"post_tag","embeddable":true,"href":"https:\/\/podcast.rs\/en\/wp-json\/wp\/v2\/tags?post=84752"}],"curies":[{"name":"wp","href":"https:\/\/api.w.org\/{rel}","templated":true}]}}