{"id":84303,"date":"2023-07-09T17:52:27","date_gmt":"2023-07-09T15:52:27","guid":{"rendered":"https:\/\/podcast.rs\/?p=84303"},"modified":"2023-07-09T18:05:27","modified_gmt":"2023-07-09T16:05:27","slug":"22-o-stigmatizaciji-iz-ugla-pacijenta-i-udruzenja-dusa-i-prostor","status":"publish","type":"post","link":"https:\/\/podcast.rs\/en\/22-o-stigmatizaciji-iz-ugla-pacijenta-i-udruzenja-dusa-i-prostor\/","title":{"rendered":"22 &#8211; O stigmatizaciji iz ugla pacijenta i udru\u017eenja &#8222;Du\u0161a&#8220; i &#8222;Prostor&#8220;"},"content":{"rendered":"<p>Robertove go\u0161\u0107e u u ovoj epizodi su Mina Aleksi\u0107, predsednica udru\u017eenja &#8222;Prostor&#8220; i Bosiljka Brdar, predsednica udru\u017eenja &#8222;Du\u0161a&#8220;. Kroz razgovor koji ukazuje na zna\u010daj postojanja ovakvih ustanova, ima\u0107ete prilike da \u010dujete \u0161ta sve korisnici psihijatrijskih usluga prolaze, koji su izazovi i kakve su mogu\u0107nosti da se ovim udru\u017eenjima pomogne. Bosiljka Brdar je dugogodi\u0161nji korisnik i veoma slikovito opisuje svoju bolest, a kao predsednica udru\u017eenja, pozvala je sve koji imaju odre\u0111enih problema da potra\u017ee pomo\u0107 na pravom mestu.<\/p>","protected":false},"excerpt":{"rendered":"<p>Robertove go\u0161\u0107e u u ovoj epizodi su Mina Aleksi\u0107, predsednica udru\u017eenja &#8222;Prostor&#8220; i Bosiljka Brdar, predsednica udru\u017eenja &#8222;Du\u0161a&#8220;. Kroz razgovor koji ukazuje na zna\u010daj postojanja ovakvih ustanova, ima\u0107ete prilike da \u010dujete \u0161ta sve korisnici psihijatrijskih usluga prolaze, koji su izazovi i kakve su mogu\u0107nosti da se ovim udru\u017eenjima pomogne. Bosiljka Brdar je dugogodi\u0161nji korisnik i&#8230;<\/p>","protected":false},"author":3,"featured_media":67456,"comment_status":"close","ping_status":"closed","sticky":false,"template":"","format":"audio","meta":{"footnotes":""},"categories":[493],"tags":[],"class_list":["post-84303","post","type-post","status-publish","format-audio","has-post-thumbnail","hentry","category-dva-i-po-psihijatra","post_format-post-format-audio"],"_links":{"self":[{"href":"https:\/\/podcast.rs\/en\/wp-json\/wp\/v2\/posts\/84303","targetHints":{"allow":["GET"]}}],"collection":[{"href":"https:\/\/podcast.rs\/en\/wp-json\/wp\/v2\/posts"}],"about":[{"href":"https:\/\/podcast.rs\/en\/wp-json\/wp\/v2\/types\/post"}],"author":[{"embeddable":true,"href":"https:\/\/podcast.rs\/en\/wp-json\/wp\/v2\/users\/3"}],"replies":[{"embeddable":true,"href":"https:\/\/podcast.rs\/en\/wp-json\/wp\/v2\/comments?post=84303"}],"version-history":[{"count":1,"href":"https:\/\/podcast.rs\/en\/wp-json\/wp\/v2\/posts\/84303\/revisions"}],"predecessor-version":[{"id":84304,"href":"https:\/\/podcast.rs\/en\/wp-json\/wp\/v2\/posts\/84303\/revisions\/84304"}],"wp:featuredmedia":[{"embeddable":true,"href":"https:\/\/podcast.rs\/en\/wp-json\/wp\/v2\/media\/67456"}],"wp:attachment":[{"href":"https:\/\/podcast.rs\/en\/wp-json\/wp\/v2\/media?parent=84303"}],"wp:term":[{"taxonomy":"category","embeddable":true,"href":"https:\/\/podcast.rs\/en\/wp-json\/wp\/v2\/categories?post=84303"},{"taxonomy":"post_tag","embeddable":true,"href":"https:\/\/podcast.rs\/en\/wp-json\/wp\/v2\/tags?post=84303"}],"curies":[{"name":"wp","href":"https:\/\/api.w.org\/{rel}","templated":true}]}}