{"id":83383,"date":"2023-06-23T10:37:00","date_gmt":"2023-06-23T08:37:00","guid":{"rendered":"https:\/\/podcast.rs\/?p=83383"},"modified":"2023-07-05T12:14:32","modified_gmt":"2023-07-05T10:14:32","slug":"od-prve-plate-do-emigracije","status":"publish","type":"post","link":"https:\/\/podcast.rs\/en\/od-prve-plate-do-emigracije\/","title":{"rendered":"Od prve plate do emigracije"},"content":{"rendered":"<p>\nMladi u Srbiji \u010dine skoro petinu evidentiranih nezaposlenih lica u Srbiji, a veliki broj onih koji jesu zaposleni, \u010desto nisu zadovoljni svojim poslom. Mnogi mladi u Srbiji, po zavr\u0161etku \u0161kolovanja u nekom trenutku u karijeri odlu\u010duju da se prekvalifiju, nezadovoljni uslovima koji se nude u okviru industrija za koje su se \u0161kolovali. Drugi, tako\u0111e iz nezadovoljstva, ali i ambicije, odlu\u010duju da pokrenu svoje poslove. Oni tre\u0107i, koji smatraju da nemaju izlaz i da nikako ne mogu da pobolj\u0161aju svoju ekonomsku poziciju u Srbiji re\u0161enje vide u migraciji. <\/p>\n<p><\/p>\n<p>Mogu\u0107nosti mladih u Srbiji kada govorimo o tr\u017ei\u0161tu rada su zaista brojne, ali je \u010dinjenica da je izalazak na tr\u017ei\u0161te rada i stabilno \u201eodr\u017eavanje\u201c na istom, za mnoge mlade, kao i sve druge koji se bore sa savremenim trendovima liberlanog kapitalizma u kome \u017eivimo, zaista veoma stresno. Upravo zbog toga, re\u0161ili smo da istra\u017eimo \u2013 kakva je zaista ekonomska pozicija mladih u Srbiji?\u00a0<\/p>\n<p>Autorka teksta: Marina Zec<\/p>\n<p>Ilustracije: Olga \u0110elo\u0161evi\u0107<\/p>\n<p>Tekst \u010ditali: Ivan Radisavljevi\u0107 i Sne\u017eana Katunac<\/p>\n<p>Tekst je dostupan na sajtu Oblakodera u rubrici Lift.<\/p>\n<p>Tekst je podr\u017ean od strane Evropske unije i nema\u010dkog Saveznog ministarstva za ekonomsku saradnju i razvoj. Stavovi izneti u podr\u017eanom medijskom projektu \u201eScroll&#8217;n&#8217;Share&#8220; Oblakoder magazina ne izra\u017eavaju stavove Evropske unije i nema\u010dkog Saveznog ministarstva za ekonomsku saradnju i razvoj.<\/p><\/p>","protected":false},"excerpt":{"rendered":"<p>Mladi u Srbiji \u010dine skoro petinu evidentiranih nezaposlenih lica u Srbiji, a veliki broj onih koji jesu zaposleni, \u010desto nisu zadovoljni svojim poslom. Mnogi mladi u Srbiji, po zavr\u0161etku \u0161kolovanja u nekom trenutku u karijeri odlu\u010duju da se prekvalifiju, nezadovoljni uslovima koji se nude u okviru industrija za koje su se \u0161kolovali. Drugi, tako\u0111e iz&#8230;<\/p>","protected":false},"author":3,"featured_media":40145,"comment_status":"close","ping_status":"closed","sticky":false,"template":"","format":"audio","meta":{"footnotes":""},"categories":[303],"tags":[],"class_list":["post-83383","post","type-post","status-publish","format-audio","has-post-thumbnail","hentry","category-salon","post_format-post-format-audio"],"_links":{"self":[{"href":"https:\/\/podcast.rs\/en\/wp-json\/wp\/v2\/posts\/83383","targetHints":{"allow":["GET"]}}],"collection":[{"href":"https:\/\/podcast.rs\/en\/wp-json\/wp\/v2\/posts"}],"about":[{"href":"https:\/\/podcast.rs\/en\/wp-json\/wp\/v2\/types\/post"}],"author":[{"embeddable":true,"href":"https:\/\/podcast.rs\/en\/wp-json\/wp\/v2\/users\/3"}],"replies":[{"embeddable":true,"href":"https:\/\/podcast.rs\/en\/wp-json\/wp\/v2\/comments?post=83383"}],"version-history":[{"count":1,"href":"https:\/\/podcast.rs\/en\/wp-json\/wp\/v2\/posts\/83383\/revisions"}],"predecessor-version":[{"id":83384,"href":"https:\/\/podcast.rs\/en\/wp-json\/wp\/v2\/posts\/83383\/revisions\/83384"}],"wp:featuredmedia":[{"embeddable":true,"href":"https:\/\/podcast.rs\/en\/wp-json\/wp\/v2\/media\/40145"}],"wp:attachment":[{"href":"https:\/\/podcast.rs\/en\/wp-json\/wp\/v2\/media?parent=83383"}],"wp:term":[{"taxonomy":"category","embeddable":true,"href":"https:\/\/podcast.rs\/en\/wp-json\/wp\/v2\/categories?post=83383"},{"taxonomy":"post_tag","embeddable":true,"href":"https:\/\/podcast.rs\/en\/wp-json\/wp\/v2\/tags?post=83383"}],"curies":[{"name":"wp","href":"https:\/\/api.w.org\/{rel}","templated":true}]}}