{"id":83379,"date":"2023-06-30T10:49:00","date_gmt":"2023-06-30T08:49:00","guid":{"rendered":"https:\/\/podcast.rs\/?p=83379"},"modified":"2023-07-05T12:14:31","modified_gmt":"2023-07-05T10:14:31","slug":"jangizam-i-ejdzizam-nevidljive-prepreke-na-trzistu-rada","status":"publish","type":"post","link":"https:\/\/podcast.rs\/en\/jangizam-i-ejdzizam-nevidljive-prepreke-na-trzistu-rada\/","title":{"rendered":"Jangizam i ejd\u017eizam: Nevidljive prepreke na tr\u017ei\u0161tu rada"},"content":{"rendered":"<\/p>\n<p>Nedostatak prakse i godine radnog iskustva neretko budu prva prepreka pri (ne)dobijanju \u017eeljenog posla. O tome svedo\u010di gotovo 70% u\u010desnika u Oblakoderovoj anketi koja je nastala za potrebe pisanja ovog teksta. Anketirani navode da su nailazili na prijave za posao koje zahtevaju veliko iskustvo, iako tra\u017ee mlade radnike.<\/p>\n<p>Odbijanje mladih na osnovu nedostatka prethodnog iskutva, posebno pri pronala\u017eenju prvog posla, zapravo jeste fenomen, ali i vid diskriminacije \u010dime se kr\u0161e odre\u0111ena prava, a taj fenomen naziva se jangizam.<\/p>\n<\/p>\n<p>Autorka teksta: Marija Mili\u0107<\/p>\n<p>Ilustracije: Olga \u0110elo\u0161evi\u0107<\/p>\n<p>Tekst \u010ditali: Ivan Radisavljevi\u0107 i Sne\u017eana Katunac<\/p>\n<p>Tekst je dostupan na sajtu Oblakodera u rubrici Lift.<\/p>\n<p>Tekst je podr\u017ean od strane Evropske unije i nema\u010dkog Saveznog ministarstva za ekonomsku saradnju i razvoj. Stavovi izneti u podr\u017eanom medijskom projektu \u201eScroll&#8217;n&#8217;Share&#8220; Oblakoder magazina ne izra\u017eavaju stavove Evropske unije i nema\u010dkog Saveznog ministarstva za ekonomsku saradnju i razvoj.<\/p><\/p>","protected":false},"excerpt":{"rendered":"<p>Nedostatak prakse i godine radnog iskustva neretko budu prva prepreka pri (ne)dobijanju \u017eeljenog posla. O tome svedo\u010di gotovo 70% u\u010desnika u Oblakoderovoj anketi koja je nastala za potrebe pisanja ovog teksta. Anketirani navode da su nailazili na prijave za posao koje zahtevaju veliko iskustvo, iako tra\u017ee mlade radnike. Odbijanje mladih na osnovu nedostatka prethodnog iskutva,&#8230;<\/p>","protected":false},"author":3,"featured_media":40145,"comment_status":"close","ping_status":"closed","sticky":false,"template":"","format":"audio","meta":{"footnotes":""},"categories":[303],"tags":[],"class_list":["post-83379","post","type-post","status-publish","format-audio","has-post-thumbnail","hentry","category-salon","post_format-post-format-audio"],"_links":{"self":[{"href":"https:\/\/podcast.rs\/en\/wp-json\/wp\/v2\/posts\/83379","targetHints":{"allow":["GET"]}}],"collection":[{"href":"https:\/\/podcast.rs\/en\/wp-json\/wp\/v2\/posts"}],"about":[{"href":"https:\/\/podcast.rs\/en\/wp-json\/wp\/v2\/types\/post"}],"author":[{"embeddable":true,"href":"https:\/\/podcast.rs\/en\/wp-json\/wp\/v2\/users\/3"}],"replies":[{"embeddable":true,"href":"https:\/\/podcast.rs\/en\/wp-json\/wp\/v2\/comments?post=83379"}],"version-history":[{"count":1,"href":"https:\/\/podcast.rs\/en\/wp-json\/wp\/v2\/posts\/83379\/revisions"}],"predecessor-version":[{"id":83380,"href":"https:\/\/podcast.rs\/en\/wp-json\/wp\/v2\/posts\/83379\/revisions\/83380"}],"wp:featuredmedia":[{"embeddable":true,"href":"https:\/\/podcast.rs\/en\/wp-json\/wp\/v2\/media\/40145"}],"wp:attachment":[{"href":"https:\/\/podcast.rs\/en\/wp-json\/wp\/v2\/media?parent=83379"}],"wp:term":[{"taxonomy":"category","embeddable":true,"href":"https:\/\/podcast.rs\/en\/wp-json\/wp\/v2\/categories?post=83379"},{"taxonomy":"post_tag","embeddable":true,"href":"https:\/\/podcast.rs\/en\/wp-json\/wp\/v2\/tags?post=83379"}],"curies":[{"name":"wp","href":"https:\/\/api.w.org\/{rel}","templated":true}]}}