{"id":82912,"date":"2023-06-21T18:00:41","date_gmt":"2023-06-21T16:00:41","guid":{"rendered":"https:\/\/podcast.rs\/?p=82912"},"modified":"2023-06-21T18:26:31","modified_gmt":"2023-06-21T16:26:31","slug":"ko-profitira-od-nemira-na-sjevernom-kosovu","status":"publish","type":"post","link":"https:\/\/podcast.rs\/en\/ko-profitira-od-nemira-na-sjevernom-kosovu\/","title":{"rendered":"Ko profitira od nemira na sjevernom Kosovu?"},"content":{"rendered":"<p>      Niz zabrinjavaju\u0107ih doga\u0111aja zahvatio je sjeverni dio Kosova u kojem prete\u017eito \u017eive Srbi. \u0160to je razlog najnovije eskalacije? Postoji li \u0161ansa da se razgovorima smire napetosti? Nenad Kreizer o tomu razgovara s Fatmirom Sheholijem, direktorom instituta za afirmaciju me\u0111uetni\u010dkih odnosa u Pri\u0161tini. Violeta Oro\u0161i analizira kako je do\u0161lo do nove konfrontacije. Ima li nade da se cijela situacija vrati na europski politi\u010dki teren, u okviru dijaloga u Briselu?<\/p>","protected":false},"excerpt":{"rendered":"<p>Niz zabrinjavaju\u0107ih doga\u0111aja zahvatio je sjeverni dio Kosova u kojem prete\u017eito \u017eive Srbi. \u0160to je razlog najnovije eskalacije? Postoji li \u0161ansa da se razgovorima smire napetosti? Nenad Kreizer o tomu razgovara s Fatmirom Sheholijem, direktorom instituta za afirmaciju me\u0111uetni\u010dkih odnosa u Pri\u0161tini. Violeta Oro\u0161i analizira kako je do\u0161lo do nove konfrontacije. Ima li nade da&#8230;<\/p>","protected":false},"author":3,"featured_media":48737,"comment_status":"close","ping_status":"closed","sticky":false,"template":"","format":"audio","meta":{"footnotes":""},"categories":[183],"tags":[],"class_list":["post-82912","post","type-post","status-publish","format-audio","has-post-thumbnail","hentry","category-cosmo","post_format-post-format-audio"],"_links":{"self":[{"href":"https:\/\/podcast.rs\/en\/wp-json\/wp\/v2\/posts\/82912","targetHints":{"allow":["GET"]}}],"collection":[{"href":"https:\/\/podcast.rs\/en\/wp-json\/wp\/v2\/posts"}],"about":[{"href":"https:\/\/podcast.rs\/en\/wp-json\/wp\/v2\/types\/post"}],"author":[{"embeddable":true,"href":"https:\/\/podcast.rs\/en\/wp-json\/wp\/v2\/users\/3"}],"replies":[{"embeddable":true,"href":"https:\/\/podcast.rs\/en\/wp-json\/wp\/v2\/comments?post=82912"}],"version-history":[{"count":1,"href":"https:\/\/podcast.rs\/en\/wp-json\/wp\/v2\/posts\/82912\/revisions"}],"predecessor-version":[{"id":82913,"href":"https:\/\/podcast.rs\/en\/wp-json\/wp\/v2\/posts\/82912\/revisions\/82913"}],"wp:featuredmedia":[{"embeddable":true,"href":"https:\/\/podcast.rs\/en\/wp-json\/wp\/v2\/media\/48737"}],"wp:attachment":[{"href":"https:\/\/podcast.rs\/en\/wp-json\/wp\/v2\/media?parent=82912"}],"wp:term":[{"taxonomy":"category","embeddable":true,"href":"https:\/\/podcast.rs\/en\/wp-json\/wp\/v2\/categories?post=82912"},{"taxonomy":"post_tag","embeddable":true,"href":"https:\/\/podcast.rs\/en\/wp-json\/wp\/v2\/tags?post=82912"}],"curies":[{"name":"wp","href":"https:\/\/api.w.org\/{rel}","templated":true}]}}