{"id":82892,"date":"2023-06-20T23:00:00","date_gmt":"2023-06-20T21:00:00","guid":{"rendered":"https:\/\/podcast.rs\/?p=82892"},"modified":"2023-06-20T23:14:09","modified_gmt":"2023-06-20T21:14:09","slug":"radio-galaksija-183-svemirski-teleskop-euklid-dr-darko-donevski-20-06-2023","status":"publish","type":"post","link":"https:\/\/podcast.rs\/en\/radio-galaksija-183-svemirski-teleskop-euklid-dr-darko-donevski-20-06-2023\/","title":{"rendered":"Radio Galaksija #183: Svemirski teleskop Euklid (dr Darko Donevski) [20-06-2023]"},"content":{"rendered":"<p>Posle dosta vremena, <a href=\"https:\/\/darkodonevski.com\/\">dr Darko Donevski <\/a>je ponovo u programu, a ovoga puta nam donosi vesti sa izvora istra\u017eivanja strukture na velikim skalama, tamne materije, tamne energije i raznih drugih pitanja iz kosmologije! <\/p>\n<p>Razgovarali smo o svemirskom teleskopu Euklid, koji \u0107e biti lansiran 1. jula 2023. godine, a s obzirom na to da je Darko kao istra\u017eiva\u010d deo ovog velikog konzorcijuma koji \u010dini preko 2000 nau\u010dnika i in\u017einjera, imali smo priliku da \u010dujemo i neke od zanimljivih \u201cinsajderskih\u201d pri\u010da. \ud83d\ude09 <\/p>\n<p><a href=\"https:\/\/www.esa.int\/Science_Exploration\/Space_Science\/Euclid\">Svemirski teleskop Euklid<\/a> je svemirska misija pregleda neba (<em>survey<\/em> teleskop) \u010diji je cilj da mapira veliki deo neba i na velikom rasponu udaljenosti, pa \u0107emo samim tim na osnovu njegovih posmatra\u010dkih podataka dobiti mnogo \u0161iru sliku Svemira kako prostorno tako i u razli\u010ditim periodima njegove evolucije. Zajedno sa Svemirskim teleskopom James Webb i misijom Gaia snima\u0107e Svemir iz oblasti oko Zemljine Lagran\u017eeve ta\u010dke L2. <\/p>\n<p>U ovoj epizodi smo pri\u010dali detaljnije o tome \u0161ta je misija Euklid, \u010demu slu\u017ei, kako se pre Euklida posmatrao Svemir na velikim skalama uz pomo\u0107 velikih misija pregleda neba, a napravili smo i malu paralelu sa sli\u010dnim teleskopima. Pri\u010dali smo o tome \u0161ta \u0107e ta\u010dno Euklid posmatrati i kako \u0107e mapirati Svemir na velikim skalama, kako se to generalno radi u posmatra\u010dkoj kosmologiji i kakva je veza tih posmatranja sa kosmolo\u0161kim simulacijama, \u0161ta se podrazumeva pod 3D mapiranjem Svemira na velikim skalama, itd.<\/p>\n<p>Govorili smo o dva klju\u010dna posmatra\u010dka instrumenta koji se nalaze na misiji: kamerama VIS i NISP, koje \u0107e snimati svetlost koju \u0107e Euklid sakupljati u vizuelnom i bliskom infracrvenom delu spektra.<\/p>\n<p>Glavni deo epizode posvetili smo razgovoru o ciljevima misije, pa u epizodi mo\u017eete \u010duti dosta o tome za\u0161to je va\u017eno da imamo detaljnije i obuhvatnije snimke jata galaksija, njihovog grupisanja i evolucije od najranijih faza do kojih \u0107e Euklid mo\u0107i da dobaci, pa do manje-vi\u0161e dana\u0161njih trenutaka, tj. kako izgleda kosmi\u010dka mre\u017ea i kako je evoluirala, za\u0161to su nam va\u017ena precizna merenja crvenih pomaka svih tih galaksija, kako \u0107e to Euklid raditi, kakve to veze ima sa tamnom materijom i tamnom energijom, kako \u0107emo uz pomo\u0107 podataka sa Euklida izmeriti raspodelu i koli\u010dinu tamne materije, ali i preciznije odrediti parametre koje nam govore o tome kako se Svemir \u0161irio. Tu su tako\u0111e i nezaobilazna posmatranja gravitacionih so\u010diva i kosmolo\u0161ka pitanja vezana za podatke koji \u0107e nam do\u0107i na osnovu merenja mase galaksija i jata galaksija koji svojom gravitacijom zakrivljuju svetlost objekata koji se nalaze \u201ciza\u201d njih, ali i razna druga pitanja poput posmatranja barionskih akusti\u010dnih oscilacija, koja \u0107e nam dati vi\u0161e informacija o prvim fazama nastanka Svemira, njegove nehomogenosti i vi\u0161e detalja koji \u0107e nam pomo\u0107i da bolje razumemo kako da do takvih saznanja do\u0111emo i analizom polarizacije zra\u010denja u kosmi\u010dkom mikrotalasnom pozadinskom zra\u010denju. <\/p>\n<p>Usput, Darko je pri\u010dao i o tome kako velike kolaboracije i istra\u017eiva\u010dki konzorcijumi poput Euklida funkcioni\u0161u, na koji na\u010din je na projekat uticao rat u Ukrajini, ali i kako je izgledao proces konstrukcije NISP instrumenta u Laboratoriji za astrofiziku u Marseju u kojoj je Darko radio tokom svog doktorata i o tome \u0161ta su sve specifi\u010dnosti ovakvih nesvakida\u0161njih projekata \u2013 od saradnje i razvoja lokalnih nau\u010dnih zajednica do tehni\u010dkih detalja poput prevoza teleskopa na lansirnu lokaciju i sli\u010dno. <\/p>\n<p>Lansiranje mo\u017eete pratiti putem <a href=\"https:\/\/www.esa.int\/ESA_Multimedia\/ESA_Web_TV\">ovog linka<\/a>, a kao mali teaser za film koji \u0107e biti emitovan tokom lansiranja mo\u017eete pogledati i video trejler koji je ESA objavila pre par dana, <a href=\"https:\/\/www.youtube.com\/watch?v=-rHGTVJfcWI\">ovde<\/a>.<\/p>\n<p><a rel=\"payment\" href=\"http:\/\/patreon.com\/radiogalaksija\">Support the show<\/a><\/p>","protected":false},"excerpt":{"rendered":"<p>Posle dosta vremena, dr Darko Donevski je ponovo u programu, a ovoga puta nam donosi vesti sa izvora istra\u017eivanja strukture na velikim skalama, tamne materije, tamne energije i raznih drugih pitanja iz kosmologije! Razgovarali smo o svemirskom teleskopu Euklid, koji \u0107e biti lansiran 1. jula 2023. godine, a s obzirom na to da je Darko&#8230;<\/p>","protected":false},"author":3,"featured_media":41315,"comment_status":"open","ping_status":"closed","sticky":false,"template":"","format":"audio","meta":{"footnotes":""},"categories":[70],"tags":[],"class_list":["post-82892","post","type-post","status-publish","format-audio","has-post-thumbnail","hentry","category-radio-galaksija","post_format-post-format-audio"],"_links":{"self":[{"href":"https:\/\/podcast.rs\/en\/wp-json\/wp\/v2\/posts\/82892","targetHints":{"allow":["GET"]}}],"collection":[{"href":"https:\/\/podcast.rs\/en\/wp-json\/wp\/v2\/posts"}],"about":[{"href":"https:\/\/podcast.rs\/en\/wp-json\/wp\/v2\/types\/post"}],"author":[{"embeddable":true,"href":"https:\/\/podcast.rs\/en\/wp-json\/wp\/v2\/users\/3"}],"replies":[{"embeddable":true,"href":"https:\/\/podcast.rs\/en\/wp-json\/wp\/v2\/comments?post=82892"}],"version-history":[{"count":1,"href":"https:\/\/podcast.rs\/en\/wp-json\/wp\/v2\/posts\/82892\/revisions"}],"predecessor-version":[{"id":82893,"href":"https:\/\/podcast.rs\/en\/wp-json\/wp\/v2\/posts\/82892\/revisions\/82893"}],"wp:featuredmedia":[{"embeddable":true,"href":"https:\/\/podcast.rs\/en\/wp-json\/wp\/v2\/media\/41315"}],"wp:attachment":[{"href":"https:\/\/podcast.rs\/en\/wp-json\/wp\/v2\/media?parent=82892"}],"wp:term":[{"taxonomy":"category","embeddable":true,"href":"https:\/\/podcast.rs\/en\/wp-json\/wp\/v2\/categories?post=82892"},{"taxonomy":"post_tag","embeddable":true,"href":"https:\/\/podcast.rs\/en\/wp-json\/wp\/v2\/tags?post=82892"}],"curies":[{"name":"wp","href":"https:\/\/api.w.org\/{rel}","templated":true}]}}