{"id":82851,"date":"2023-06-19T17:20:40","date_gmt":"2023-06-19T15:20:40","guid":{"rendered":"https:\/\/podcast.rs\/?p=82851"},"modified":"2023-06-19T18:20:48","modified_gmt":"2023-06-19T16:20:48","slug":"bosnjacko-hrvatski-odnosi-u-bih-zrtva-stranacke-politike","status":"publish","type":"post","link":"https:\/\/podcast.rs\/en\/bosnjacko-hrvatski-odnosi-u-bih-zrtva-stranacke-politike\/","title":{"rendered":"Bo\u0161nja\u010dko-hrvatski odnosi u BiH: \u017ertva strana\u010dke politike?"},"content":{"rendered":"<p>      Napetosti izme\u0111u Federacije BiH i Republike Srpske su na dnevnom redu ve\u0107 godinama ali u posljednje vrijeme je na povr\u0161inu isplivao i tinjaju\u0107i sukob bo\u0161nja\u010dke i hrvatske opcije u ovoj zemlji koji je dodatno blokirao funkcioniranje dr\u017eave i napredak na putu ka ostavarivanju najva\u017enijeg politi\u010dkog cilja a to je punopravno \u010dlanstvo u EU. Za\u0161to se ovaj sukob ponovno razbuktao o tomu u ovom podcastu razgovaramo i sa sveu\u010dili\u0161nim profesorom i biv\u0161im \u010dlanom predsjedni\u0161tva Ivom Kom\u0161i\u0107em.<\/p>","protected":false},"excerpt":{"rendered":"<p>Napetosti izme\u0111u Federacije BiH i Republike Srpske su na dnevnom redu ve\u0107 godinama ali u posljednje vrijeme je na povr\u0161inu isplivao i tinjaju\u0107i sukob bo\u0161nja\u010dke i hrvatske opcije u ovoj zemlji koji je dodatno blokirao funkcioniranje dr\u017eave i napredak na putu ka ostavarivanju najva\u017enijeg politi\u010dkog cilja a to je punopravno \u010dlanstvo u EU. Za\u0161to se&#8230;<\/p>","protected":false},"author":3,"featured_media":48737,"comment_status":"close","ping_status":"closed","sticky":false,"template":"","format":"audio","meta":{"footnotes":""},"categories":[183],"tags":[],"class_list":["post-82851","post","type-post","status-publish","format-audio","has-post-thumbnail","hentry","category-cosmo","post_format-post-format-audio"],"_links":{"self":[{"href":"https:\/\/podcast.rs\/en\/wp-json\/wp\/v2\/posts\/82851","targetHints":{"allow":["GET"]}}],"collection":[{"href":"https:\/\/podcast.rs\/en\/wp-json\/wp\/v2\/posts"}],"about":[{"href":"https:\/\/podcast.rs\/en\/wp-json\/wp\/v2\/types\/post"}],"author":[{"embeddable":true,"href":"https:\/\/podcast.rs\/en\/wp-json\/wp\/v2\/users\/3"}],"replies":[{"embeddable":true,"href":"https:\/\/podcast.rs\/en\/wp-json\/wp\/v2\/comments?post=82851"}],"version-history":[{"count":1,"href":"https:\/\/podcast.rs\/en\/wp-json\/wp\/v2\/posts\/82851\/revisions"}],"predecessor-version":[{"id":82852,"href":"https:\/\/podcast.rs\/en\/wp-json\/wp\/v2\/posts\/82851\/revisions\/82852"}],"wp:featuredmedia":[{"embeddable":true,"href":"https:\/\/podcast.rs\/en\/wp-json\/wp\/v2\/media\/48737"}],"wp:attachment":[{"href":"https:\/\/podcast.rs\/en\/wp-json\/wp\/v2\/media?parent=82851"}],"wp:term":[{"taxonomy":"category","embeddable":true,"href":"https:\/\/podcast.rs\/en\/wp-json\/wp\/v2\/categories?post=82851"},{"taxonomy":"post_tag","embeddable":true,"href":"https:\/\/podcast.rs\/en\/wp-json\/wp\/v2\/tags?post=82851"}],"curies":[{"name":"wp","href":"https:\/\/api.w.org\/{rel}","templated":true}]}}