{"id":82405,"date":"2023-06-13T15:53:29","date_gmt":"2023-06-13T13:53:29","guid":{"rendered":"https:\/\/podcast.rs\/?p=82405"},"modified":"2023-06-13T16:35:14","modified_gmt":"2023-06-13T14:35:14","slug":"medina-uspavanka-ft-darko-rundek","status":"publish","type":"post","link":"https:\/\/podcast.rs\/en\/medina-uspavanka-ft-darko-rundek\/","title":{"rendered":"Medina uspavanka (ft. Darko Rundek)"},"content":{"rendered":"<p>KAD BI \u017dIVOTINJE MOGLE PRI\u010cATI: Kako bi se pove\u0107ala svijest javnosti o ozbiljnosti zlo\u010dina protiv prirode producirali smo tri audio monodrame u kojima se daje glas samim \u017eivotinjama koje su do\u017eivjele krivolov, trovanje, krijum\u010darenje i nezakonitu trgovinu. <\/p>\n<p>Monodrama \u201eMedina uspavanka\u201d, u izvedbi Darka Rundeka, a prema scenariju Sare \u0160alov, govori o mladuncu medvjeda kojem je samo jedan \u201eBOOOM!!\u201d promijenio \u017eivot. Kako? Poslu\u0161ajte u ovoj dirljivoj pri\u010di, koja nije klasi\u010dna nje\u017ena uspavanka, ve\u0107 prije poziv na bu\u0111enje&#8230; <\/p>\n<p>Sme\u0111i medvjed strogo je za\u0161ti\u0107ena i ugro\u017eena vrsta. Vr\u0161ni je predator pa kontrolira ravnote\u017eu u cijelom \u0161umskom ekosustavu u kojem obitava, zbog \u010dega je vrlo va\u017eno osigurati stabilnu populaciju medvjeda. U regiji je upravo medvjed, uz vuka, \u010desta \u017ertva krivolova. Ako medvjedica nastrada, njezina mladun\u010dad te\u0161ko mo\u017ee pre\u017eivjeti. Krivolov medvjeda ka\u017enjivo je djelo i ozbiljna prijetnja cijeloj vrsti, kao i ostalim biljnim i \u017eivotinjskim vrstama u ekosustavu.<\/p>\n<p>Navedene monodrame nastale su u sklopu projekta LIFE SWiPE, punog naziva \u201eUspje\u0161an progon zlo\u010dina protiv prirode u Europi\u201d, \u010diji je cilj obeshrabriti i u kona\u010dnici smanjiti broj ka\u017enjivih djela protiv divljih vrsta.<\/p>\n<p><strong>scenarij<\/strong>: \u0160ara \u0160alov<br \/>\n<strong>glas<\/strong>: Darko Rundek<br \/>\n<strong>uspavanka<\/strong>: Jelena Miholjevi\u0107<br \/>\n<strong>monta\u017ea<\/strong>: Podcast.rs<br \/>\n<strong>produkcija<\/strong>: WWF Adria, 2023<\/p>","protected":false},"excerpt":{"rendered":"<p>KAD BI \u017dIVOTINJE MOGLE PRI\u010cATI: Kako bi se pove\u0107ala svijest javnosti o ozbiljnosti zlo\u010dina protiv prirode producirali smo tri audio monodrame u kojima se daje glas samim \u017eivotinjama koje su do\u017eivjele krivolov, trovanje, krijum\u010darenje i nezakonitu trgovinu. Monodrama \u201eMedina uspavanka\u201d, u izvedbi Darka Rundeka, a prema scenariju Sare \u0160alov, govori o mladuncu medvjeda kojem je&#8230;<\/p>","protected":false},"author":3,"featured_media":68148,"comment_status":"close","ping_status":"closed","sticky":false,"template":"","format":"audio","meta":{"footnotes":""},"categories":[497],"tags":[],"class_list":["post-82405","post","type-post","status-publish","format-audio","has-post-thumbnail","hentry","category-divljina","post_format-post-format-audio"],"_links":{"self":[{"href":"https:\/\/podcast.rs\/en\/wp-json\/wp\/v2\/posts\/82405","targetHints":{"allow":["GET"]}}],"collection":[{"href":"https:\/\/podcast.rs\/en\/wp-json\/wp\/v2\/posts"}],"about":[{"href":"https:\/\/podcast.rs\/en\/wp-json\/wp\/v2\/types\/post"}],"author":[{"embeddable":true,"href":"https:\/\/podcast.rs\/en\/wp-json\/wp\/v2\/users\/3"}],"replies":[{"embeddable":true,"href":"https:\/\/podcast.rs\/en\/wp-json\/wp\/v2\/comments?post=82405"}],"version-history":[{"count":1,"href":"https:\/\/podcast.rs\/en\/wp-json\/wp\/v2\/posts\/82405\/revisions"}],"predecessor-version":[{"id":82406,"href":"https:\/\/podcast.rs\/en\/wp-json\/wp\/v2\/posts\/82405\/revisions\/82406"}],"wp:featuredmedia":[{"embeddable":true,"href":"https:\/\/podcast.rs\/en\/wp-json\/wp\/v2\/media\/68148"}],"wp:attachment":[{"href":"https:\/\/podcast.rs\/en\/wp-json\/wp\/v2\/media?parent=82405"}],"wp:term":[{"taxonomy":"category","embeddable":true,"href":"https:\/\/podcast.rs\/en\/wp-json\/wp\/v2\/categories?post=82405"},{"taxonomy":"post_tag","embeddable":true,"href":"https:\/\/podcast.rs\/en\/wp-json\/wp\/v2\/tags?post=82405"}],"curies":[{"name":"wp","href":"https:\/\/api.w.org\/{rel}","templated":true}]}}