{"id":82373,"date":"2023-06-12T17:50:10","date_gmt":"2023-06-12T15:50:10","guid":{"rendered":"https:\/\/podcast.rs\/?p=82373"},"modified":"2023-06-12T18:20:25","modified_gmt":"2023-06-12T16:20:25","slug":"nakon-izbora-period-politicke-nestabilnosti-u-crnoj-gori","status":"publish","type":"post","link":"https:\/\/podcast.rs\/en\/nakon-izbora-period-politicke-nestabilnosti-u-crnoj-gori\/","title":{"rendered":"Nakon izbora period politi\u010dke nestabilnosti u Crnoj Gori"},"content":{"rendered":"<p>      U Crnoj Gori su u nedelju, 11. juna odr\u017eani prevremeni parlamentarni izbori. Ko mo\u017ee biti zadovoljan ishodom ovih izbora? Kakva je bila izlaznost? Ko bi mogao da formira novu vladu? Koliko su ozbiljni navodi o sukobu u redovima pobednika izbora &#8211; &#8222;Pokretu Evropa sad&#8220;, izme\u0111u lidera tog pokreta Milojka Spaji\u0107a i predsednika Crne Gore Jakova Milatovi\u0107a? O svemu tome razgovaram sa na\u0161om dopisnicom iz Podgorice Vesnom Rajkovi\u0107 i politikologom Markom Savi\u0107em sa Fakulteta politi\u010dkih nauka u Podgorici.<\/p>","protected":false},"excerpt":{"rendered":"<p>U Crnoj Gori su u nedelju, 11. juna odr\u017eani prevremeni parlamentarni izbori. Ko mo\u017ee biti zadovoljan ishodom ovih izbora? Kakva je bila izlaznost? Ko bi mogao da formira novu vladu? Koliko su ozbiljni navodi o sukobu u redovima pobednika izbora &#8211; &#8222;Pokretu Evropa sad&#8220;, izme\u0111u lidera tog pokreta Milojka Spaji\u0107a i predsednika Crne Gore Jakova&#8230;<\/p>","protected":false},"author":3,"featured_media":48737,"comment_status":"close","ping_status":"closed","sticky":false,"template":"","format":"audio","meta":{"footnotes":""},"categories":[183],"tags":[],"class_list":["post-82373","post","type-post","status-publish","format-audio","has-post-thumbnail","hentry","category-cosmo","post_format-post-format-audio"],"_links":{"self":[{"href":"https:\/\/podcast.rs\/en\/wp-json\/wp\/v2\/posts\/82373","targetHints":{"allow":["GET"]}}],"collection":[{"href":"https:\/\/podcast.rs\/en\/wp-json\/wp\/v2\/posts"}],"about":[{"href":"https:\/\/podcast.rs\/en\/wp-json\/wp\/v2\/types\/post"}],"author":[{"embeddable":true,"href":"https:\/\/podcast.rs\/en\/wp-json\/wp\/v2\/users\/3"}],"replies":[{"embeddable":true,"href":"https:\/\/podcast.rs\/en\/wp-json\/wp\/v2\/comments?post=82373"}],"version-history":[{"count":1,"href":"https:\/\/podcast.rs\/en\/wp-json\/wp\/v2\/posts\/82373\/revisions"}],"predecessor-version":[{"id":82374,"href":"https:\/\/podcast.rs\/en\/wp-json\/wp\/v2\/posts\/82373\/revisions\/82374"}],"wp:featuredmedia":[{"embeddable":true,"href":"https:\/\/podcast.rs\/en\/wp-json\/wp\/v2\/media\/48737"}],"wp:attachment":[{"href":"https:\/\/podcast.rs\/en\/wp-json\/wp\/v2\/media?parent=82373"}],"wp:term":[{"taxonomy":"category","embeddable":true,"href":"https:\/\/podcast.rs\/en\/wp-json\/wp\/v2\/categories?post=82373"},{"taxonomy":"post_tag","embeddable":true,"href":"https:\/\/podcast.rs\/en\/wp-json\/wp\/v2\/tags?post=82373"}],"curies":[{"name":"wp","href":"https:\/\/api.w.org\/{rel}","templated":true}]}}