{"id":81712,"date":"2023-06-07T19:00:24","date_gmt":"2023-06-07T17:00:24","guid":{"rendered":"https:\/\/podcast.rs\/?p=81712"},"modified":"2023-06-07T19:15:04","modified_gmt":"2023-06-07T17:15:04","slug":"sesta-licna-s5sp6-poroci-majamija","status":"publish","type":"post","link":"https:\/\/podcast.rs\/en\/sesta-licna-s5sp6-poroci-majamija\/","title":{"rendered":"\u0160ESTA LI\u010cNA: S5SP6 \u2013 Poroci Majamija!"},"content":{"rendered":"<p>Kraj sezone se sad ve\u0107 po\u0161teno nazire. NBA finale se posle dve<br \/>\nutakmice u Denveru preselilo u Majami, a taj ritam prati i Edin koji je<br \/>\nzajedno sa Koletom u Americi na zadatku! Milo\u0161 potajno prati iz<br \/>\nBeograda sa nama ostalima, pa se podkast, po obi\u010daju, realizuje<br \/>\nputem modernih internet tehnologija!<\/p>\n<p>Za po\u010detak, sumiraju se utisci iz Denvera, koji do\u017eivljava svoje prvo<br \/>\nNBA finale. Nisu Nagetsi jo\u0161 uvek taj \u201etim iz naroda\u201c kakav su<br \/>\nrecimo Bronkosi ili Avalan\u0161, ali polako sti\u017eu ka tamo. Popularnost<br \/>\nNikole Joki\u0107a je sve ve\u0107a \u2013 u NBA mu sada zakasnelo priznaju<br \/>\n\u201eminuli rad\u201c, a u Koloradu je sve bli\u017ei statusu koji u\u017eiva legendarni<br \/>\nD\u017eon Elvej!<br \/>\nDenver jeste ozbiljna ekipa, ali bogami, ni Majami se ne\u0107e lako<br \/>\npredati. Ekipa Erika Spolstre ima tonu iskustva u te\u0161kim<br \/>\nutakmicama, i to samo iz ovog plej-ofa, a da ne govorimo o ranijim<br \/>\ngodinama. Momci sa Floride su pokazali ve\u0107 u drugoj utakmici da su<br \/>\nkadri da igraju ovo finale, i da sigurno ne\u0107e sede\u0107i \u010dekati da Nikola<br \/>\npodigne trofej prvaka.<br \/>\nPregledamo malo i vesti iz lige \u2013 novi posao za Montija Vilijamsa i<br \/>\nFrenka Vogela, i opet pri\u010damo o D\u017ea Morantu. Iz ABA lige, te\u0161ko da<br \/>\nima i\u0161ta da se prodiskutuje&#8230;najavili smo da \u0107e Partizan pro\u0107i<br \/>\nCedevitu Olimpiju i to se i desilo, a sad, kad se finale uprili\u010di,<br \/>\npri\u010da\u0107emo i o njemu!<br \/>\nVidimo se slede\u0107e nedelje!<\/p>","protected":false},"excerpt":{"rendered":"<p>Kraj sezone se sad ve\u0107 po\u0161teno nazire. NBA finale se posle dve utakmice u Denveru preselilo u Majami, a taj ritam prati i Edin koji je zajedno sa Koletom u Americi na zadatku! Milo\u0161 potajno prati iz Beograda sa nama ostalima, pa se podkast, po obi\u010daju, realizuje putem modernih internet tehnologija! Za po\u010detak, sumiraju se&#8230;<\/p>","protected":false},"author":3,"featured_media":25637,"comment_status":"open","ping_status":"closed","sticky":false,"template":"","format":"audio","meta":{"footnotes":""},"categories":[203],"tags":[],"class_list":["post-81712","post","type-post","status-publish","format-audio","has-post-thumbnail","hentry","category-sesta-licna","post_format-post-format-audio"],"_links":{"self":[{"href":"https:\/\/podcast.rs\/en\/wp-json\/wp\/v2\/posts\/81712","targetHints":{"allow":["GET"]}}],"collection":[{"href":"https:\/\/podcast.rs\/en\/wp-json\/wp\/v2\/posts"}],"about":[{"href":"https:\/\/podcast.rs\/en\/wp-json\/wp\/v2\/types\/post"}],"author":[{"embeddable":true,"href":"https:\/\/podcast.rs\/en\/wp-json\/wp\/v2\/users\/3"}],"replies":[{"embeddable":true,"href":"https:\/\/podcast.rs\/en\/wp-json\/wp\/v2\/comments?post=81712"}],"version-history":[{"count":1,"href":"https:\/\/podcast.rs\/en\/wp-json\/wp\/v2\/posts\/81712\/revisions"}],"predecessor-version":[{"id":81713,"href":"https:\/\/podcast.rs\/en\/wp-json\/wp\/v2\/posts\/81712\/revisions\/81713"}],"wp:featuredmedia":[{"embeddable":true,"href":"https:\/\/podcast.rs\/en\/wp-json\/wp\/v2\/media\/25637"}],"wp:attachment":[{"href":"https:\/\/podcast.rs\/en\/wp-json\/wp\/v2\/media?parent=81712"}],"wp:term":[{"taxonomy":"category","embeddable":true,"href":"https:\/\/podcast.rs\/en\/wp-json\/wp\/v2\/categories?post=81712"},{"taxonomy":"post_tag","embeddable":true,"href":"https:\/\/podcast.rs\/en\/wp-json\/wp\/v2\/tags?post=81712"}],"curies":[{"name":"wp","href":"https:\/\/api.w.org\/{rel}","templated":true}]}}